{"id":118259,"date":"2026-03-13T12:25:28","date_gmt":"2026-03-13T12:25:28","guid":{"rendered":"https:\/\/studiowiki.it\/inova\/?p=118259"},"modified":"2026-04-13T16:02:47","modified_gmt":"2026-04-13T16:02:47","slug":"itb-berlin-dove-il-turismo-mondiale-si-da-appuntamento","status":"publish","type":"post","link":"https:\/\/studiowiki.it\/inova\/itb-berlin-dove-il-turismo-mondiale-si-da-appuntamento\/","title":{"rendered":"ITB Berlin: dove il turismo mondiale si d\u00e0 appuntamento"},"content":{"rendered":"\n<p><a href=\"https:\/\/customer56562.musvc2.net\/e\/tr?q=7%3dHYCZE%26E%3d9%26H%3dDXHd%262%3dVAcHaC%26O%3duM2J6_KYwc_VI_LdvX_VS_KYwc_UN6rKtC1Hu5t48C18.kIz_KYwc_UNVMTG-NuBmL5R-vIvK-qF-3KqG2-NwG2-4l-598z9-qBxC1Mw-Cy-F3L2-7q-6rKtC1H-v9y-TGbG-Oq-M3BmA2-ImLpAm-F2-9m7v_KYwc_UN_LdvX_WSN2G_6H3Lp8_zufs_Ah185My82NrK_zufs_0Z8Mu_Gr7qOz_KYwc_VL9z4qF_5tat_EY3Nz_6iG34qA1_KYwc_VLm1H45KX_0aMU0Z%26q%3dF3M95n4i60.HrM%26qM%3dDWEcK%26M1%3dVMUDdFTAUDc0dJ%26A%3dB5KZicHZl8r8nXpck6McBaq8mVI9kXM7D9L4BVs9GXGTF5G6l9LaHXDTD8IZ0ZF7&amp;mupckp=mupAtu4m8OiX0wt\" rel=\"noreferrer noopener\" target=\"_blank\">Berlino<\/a>&nbsp;non \u00e8 solo una delle capitali politiche ed economiche d\u2019Europa ma per tre giorni all\u2019anno diventa anche la&nbsp;<strong>capitale mondiale del turismo<\/strong>. Dal 3 al 5 marzo 2026, gli spazi della Messe Berlin hanno ospitato una nuova edizione di&nbsp;<a href=\"https:\/\/customer56562.musvc2.net\/e\/tr?q=3%3dJWPVG%26C%3dL%26D%3dFVUZ%264%3dTNYJYP%26K%3dwKEF8_Ilse_TV_Hftk_RU_Ilse_SaMBN.4Jq.40C_7rnp_GgzD_7rnp_HgFJ2_J0K74z_Hftk_SSEzM8CzJ96C_Hftk_RKLEC_26y90D_Cqhq_NdtDv91_Ilse_SQK9D_x12Gv9vE_Cqhq_NdXE0LpYP_RLaMRK%265%3d8K8MxR.36E%2698%3dROWNY%26EI%3dGaMV1p2vOTLSFRUROX%263%3dVGXx6HS1Wt6zRrYz6GVNTrRx6I5LWGVSTMVyQrYv2pRyRIYL1JYP1M7NVt6PVsXN&amp;mupckp=mupAtu4m8OiX0wt\" rel=\"noreferrer noopener\" target=\"_blank\"><strong>ITB Berlin<\/strong><\/a>, la pi\u00f9 importante<strong>&nbsp;<\/strong>fiera internazionale<strong>&nbsp;B2B<\/strong>&nbsp;dedicata all\u2019industria turistica. Un appuntamento che da oltre mezzo secolo rappresenta il punto di incontro tra destinazioni, tour operator, buyer e operatori provenienti da tutto il mondo.<\/p>\n\n\n\n<p>I numeri aiutano a comprendere la dimensione dell\u2019evento: oltre<strong>&nbsp;centomila professionisti&nbsp;<\/strong>del settore, pi\u00f9 di<strong>&nbsp;cinquemila espositori<\/strong>&nbsp;e delegazioni provenienti da circa&nbsp;<strong>centonovanta Paesi<\/strong>. Ma, al di l\u00e0 dei dati, ci\u00f2 che colpisce davvero \u00e8 l\u2019atmosfera che si respira nei padiglioni della fiera.<\/p>\n\n\n\n<figure class=\"wp-block-image size-large\"><img alt=\"\" loading=\"lazy\" decoding=\"async\" width=\"1024\" height=\"576\" src=\"https:\/\/studiowiki.it\/inova\/wp-content\/uploads\/2026\/03\/unnamed-1024x576.jpg\" alt=\"\" class=\"wp-image-118260\" srcset=\"https:\/\/studiowiki.it\/inova\/wp-content\/uploads\/2026\/03\/unnamed-1024x576.jpg 1024w, https:\/\/studiowiki.it\/inova\/wp-content\/uploads\/2026\/03\/unnamed-300x169.jpg 300w, https:\/\/studiowiki.it\/inova\/wp-content\/uploads\/2026\/03\/unnamed-768x432.jpg 768w, https:\/\/studiowiki.it\/inova\/wp-content\/uploads\/2026\/03\/unnamed-1536x864.jpg 1536w, https:\/\/studiowiki.it\/inova\/wp-content\/uploads\/2026\/03\/unnamed-380x214.jpg 380w, https:\/\/studiowiki.it\/inova\/wp-content\/uploads\/2026\/03\/unnamed-800x450.jpg 800w, https:\/\/studiowiki.it\/inova\/wp-content\/uploads\/2026\/03\/unnamed-1160x653.jpg 1160w, https:\/\/studiowiki.it\/inova\/wp-content\/uploads\/2026\/03\/unnamed.jpg 1600w\" sizes=\"auto, (max-width: 1024px) 100vw, 1024px\" \/><\/figure>\n\n\n\n<div id=\"ez-toc-container\" class=\"ez-toc-v2_0_82_2 counter-hierarchy ez-toc-counter ez-toc-transparent ez-toc-container-direction\">\n<div class=\"ez-toc-title-container\">\n<p class=\"ez-toc-title\" style=\"cursor:inherit\">indice dei contenuti<\/p>\n<span class=\"ez-toc-title-toggle\"><a href=\"#\" class=\"ez-toc-pull-right ez-toc-btn ez-toc-btn-xs ez-toc-btn-default ez-toc-toggle\" aria-label=\"Toggle Table of Content\"><span class=\"ez-toc-js-icon-con\"><span class=\"\"><span class=\"eztoc-hide\" style=\"display:none;\">Toggle<\/span><span class=\"ez-toc-icon-toggle-span\"><svg style=\"fill: #999;color:#999\" xmlns=\"http:\/\/www.w3.org\/2000\/svg\" class=\"list-377408\" width=\"20px\" height=\"20px\" viewBox=\"0 0 24 24\" fill=\"none\"><path d=\"M6 6H4v2h2V6zm14 0H8v2h12V6zM4 11h2v2H4v-2zm16 0H8v2h12v-2zM4 16h2v2H4v-2zm16 0H8v2h12v-2z\" fill=\"currentColor\"><\/path><\/svg><svg style=\"fill: #999;color:#999\" class=\"arrow-unsorted-368013\" xmlns=\"http:\/\/www.w3.org\/2000\/svg\" width=\"10px\" height=\"10px\" viewBox=\"0 0 24 24\" version=\"1.2\" baseProfile=\"tiny\"><path d=\"M18.2 9.3l-6.2-6.3-6.2 6.3c-.2.2-.3.4-.3.7s.1.5.3.7c.2.2.4.3.7.3h11c.3 0 .5-.1.7-.3.2-.2.3-.5.3-.7s-.1-.5-.3-.7zM5.8 14.7l6.2 6.3 6.2-6.3c.2-.2.3-.5.3-.7s-.1-.5-.3-.7c-.2-.2-.4-.3-.7-.3h-11c-.3 0-.5.1-.7.3-.2.2-.3.5-.3.7s.1.5.3.7z\"\/><\/svg><\/span><\/span><\/span><\/a><\/span><\/div>\n<nav><ul class='ez-toc-list ez-toc-list-level-1 ' ><li class='ez-toc-page-1 ez-toc-heading-level-2'><a class=\"ez-toc-link ez-toc-heading-1\" href=\"https:\/\/studiowiki.it\/inova\/itb-berlin-dove-il-turismo-mondiale-si-da-appuntamento\/#Una_fiera_che_e_soprattutto_un_grande_luogo_di_lavoro\" >Una fiera che \u00e8 soprattutto un grande luogo di lavoro<\/a><\/li><li class='ez-toc-page-1 ez-toc-heading-level-2'><a class=\"ez-toc-link ez-toc-heading-2\" href=\"https:\/\/studiowiki.it\/inova\/itb-berlin-dove-il-turismo-mondiale-si-da-appuntamento\/#La_presenza_della_Liguria_alla_fiera_internazionale\" >La presenza della Liguria alla fiera internazionale<\/a><\/li><li class='ez-toc-page-1 ez-toc-heading-level-2'><a class=\"ez-toc-link ez-toc-heading-3\" href=\"https:\/\/studiowiki.it\/inova\/itb-berlin-dove-il-turismo-mondiale-si-da-appuntamento\/#Imperia_a_Berlino_promuovere_la_Riviera_dei_Fiori_sui_mercati_esteri\" >Imperia a Berlino promuovere la Riviera dei Fiori sui mercati esteri<\/a><\/li><li class='ez-toc-page-1 ez-toc-heading-level-2'><a class=\"ez-toc-link ez-toc-heading-4\" href=\"https:\/\/studiowiki.it\/inova\/itb-berlin-dove-il-turismo-mondiale-si-da-appuntamento\/#Un_percorso_di_internazionalizzazione_che_parte_da_lontano\" >Un percorso di internazionalizzazione che parte da lontano<\/a><\/li><li class='ez-toc-page-1 ez-toc-heading-level-2'><a class=\"ez-toc-link ez-toc-heading-5\" href=\"https:\/\/studiowiki.it\/inova\/itb-berlin-dove-il-turismo-mondiale-si-da-appuntamento\/#Il_racconto_di_un_Mediterraneo_contemporaneo\" >Il racconto di un Mediterraneo contemporaneo<\/a><\/li><li class='ez-toc-page-1 ez-toc-heading-level-2'><a class=\"ez-toc-link ez-toc-heading-6\" href=\"https:\/\/studiowiki.it\/inova\/itb-berlin-dove-il-turismo-mondiale-si-da-appuntamento\/#Le_fiere_come_piattaforme_di_mercato\" >Le fiere come piattaforme di mercato<\/a><\/li><li class='ez-toc-page-1 ez-toc-heading-level-2'><a class=\"ez-toc-link ez-toc-heading-7\" href=\"https:\/\/studiowiki.it\/inova\/itb-berlin-dove-il-turismo-mondiale-si-da-appuntamento\/#Competere_sul_prodotto_non_solo_sulla_promozione\" >Competere sul prodotto, non solo sulla promozione<\/a><\/li><li class='ez-toc-page-1 ez-toc-heading-level-2'><a class=\"ez-toc-link ez-toc-heading-8\" href=\"https:\/\/studiowiki.it\/inova\/itb-berlin-dove-il-turismo-mondiale-si-da-appuntamento\/#Il_turismo_globale_visto_da_Berlino\" >Il turismo globale visto da Berlino<\/a><\/li><\/ul><\/nav><\/div>\n<h2 class=\"wp-block-heading\" id=\"fiera\"><span class=\"ez-toc-section\" id=\"Una_fiera_che_e_soprattutto_un_grande_luogo_di_lavoro\"><\/span><strong><a name=\"scala\"><strong>Una fiera che \u00e8 soprattutto un grande luogo di lavoro<\/strong><\/a><\/strong><span class=\"ez-toc-section-end\"><\/span><\/h2>\n\n\n\n<p>ITB non \u00e8 una fiera turistica nel senso tradizionale del termine. Non \u00e8 pensata per il pubblico dei viaggiatori e non \u00e8 una semplice vetrina promozionale. \u00c8, prima di tutto, un grande luogo di lavoro. Qui si<strong>&nbsp;negoziano contratti<\/strong>, si costruiscono<strong>&nbsp;relazioni commerciali<\/strong>&nbsp;e&nbsp;<strong>si definiscono strategie per i mercati internazionali<\/strong>. Le giornate scorrono scandite da agende fitte di appuntamenti, incontri programmati e conversazioni informali che spesso diventano l\u2019inizio di nuove collaborazioni. Tour operator, compagnie aeree, piattaforme digitali, destinazioni turistiche e operatori dell\u2019ospitalit\u00e0 si confrontano in un contesto dove il turismo prende forma come industria globale.<\/p>\n\n\n\n<h2 class=\"wp-block-heading\"><span class=\"ez-toc-section\" id=\"La_presenza_della_Liguria_alla_fiera_internazionale\"><\/span><strong>La presenza della Liguria alla fiera internazionale<\/strong><span class=\"ez-toc-section-end\"><\/span><\/h2>\n\n\n\n<p>In questo scenario anche la Liguria ha rafforzato la propria presenza, partecipando alla manifestazione con lo&nbsp;<a href=\"https:\/\/customer56562.musvc2.net\/e\/tr?q=3%3d5dQV2%26J%3dM%26D%3d1cVZ%26o%3daOY5fQ%26K%3dhRFFs_PmsP_aW_HQ1l_RF_PmsP_ZbMwU.wDs9.5J_ryop_2n89gSD9a_PmsP_ZbDoR5PiC_DqSx_Nf2hNV_ryop_2nVS_ryop_2nVT_ryop_2nFKrGECo-J57uP51-sG-ELeJw-1lJw-6iCD1-iLF5rLwPiM01lC-z9-bCDBiLA_W5AST2Ax-2daw-T40U-YdaM-16f1UbdNS3CR.8tK8_HQ1l_SFSFC_sMGHcC_DqSx_OdnCIIlCFJeP_DqSx_NVuR9_CeB5Km_PmsP_aZ5m95B_1a9wryop_2dGJm_AwCp957n_PmsP_aZinMH18c_NW0ZNV%26d%3dKGIvAN.DeR%265I%3d1bSY8%26RE%3dR0ZRZ3YOQ1hNZ7%26F%3dVU1BSR9hVZc92U3eVR7BRU0cVRefP1ccP32Yy2eAzYcDR21Cw4dbPZ9fMS9bVQ7g&amp;mupckp=mupAtu4m8OiX0wt\" target=\"_blank\" rel=\"noreferrer noopener\">stand istituzionale di Regione Liguria<\/a>, punto di riferimento per la promozione coordinata dell\u2019offerta turistica regionale sui mercati esteri. Lo spazio regionale ha rappresentato un&nbsp;<strong>hub di incontro tra operatori liguri e buyer internazionali<\/strong>&nbsp;interessati al prodotto mediterraneo, sempre pi\u00f9 ricercato nei mercati europei.<\/p>\n\n\n\n<figure class=\"wp-block-image size-large\"><a href=\"https:\/\/www.facebook.com\/studiowiki\/posts\/pfbid0ngd8hAHZgRau8niJxa2PGTV5uFcVJXrMFfZHTBqUo9Skp5LwfjENoc9yeX2DHczcl\"><img alt=\"\" loading=\"lazy\" decoding=\"async\" width=\"1024\" height=\"881\" src=\"https:\/\/studiowiki.it\/inova\/wp-content\/uploads\/2026\/03\/unnamed-5-1024x881.jpg\" alt=\"\" class=\"wp-image-118261\" srcset=\"https:\/\/studiowiki.it\/inova\/wp-content\/uploads\/2026\/03\/unnamed-5-1024x881.jpg 1024w, https:\/\/studiowiki.it\/inova\/wp-content\/uploads\/2026\/03\/unnamed-5-300x258.jpg 300w, https:\/\/studiowiki.it\/inova\/wp-content\/uploads\/2026\/03\/unnamed-5-768x660.jpg 768w, https:\/\/studiowiki.it\/inova\/wp-content\/uploads\/2026\/03\/unnamed-5-380x327.jpg 380w, https:\/\/studiowiki.it\/inova\/wp-content\/uploads\/2026\/03\/unnamed-5-800x688.jpg 800w, https:\/\/studiowiki.it\/inova\/wp-content\/uploads\/2026\/03\/unnamed-5.jpg 1057w\" sizes=\"auto, (max-width: 1024px) 100vw, 1024px\" \/><\/a><\/figure>\n\n\n\n<h2 class=\"wp-block-heading\"><span class=\"ez-toc-section\" id=\"Imperia_a_Berlino_promuovere_la_Riviera_dei_Fiori_sui_mercati_esteri\"><\/span><strong>Imperia a Berlino: promuovere la Riviera dei Fiori sui mercati esteri<\/strong><span class=\"ez-toc-section-end\"><\/span><\/h2>\n\n\n\n<p>All\u2019interno dello stand era presente anche il&nbsp;<a href=\"https:\/\/customer56562.musvc2.net\/e\/tr?q=9%3d0Y9b7%26E%3d5%26J%3d6XDf%26t%3dV7e0a9%26Q%3dmMxLx_KUyU_VE_NVvT_XK_KUyU_UJS2P.gKrNrA.nFtAwBe.Ey_KUyU_UJEy_KUyU_VJQyF_wKzKgA_wtWv_8grA2LpAyMiN_wtWv_7YyPr_Fi0nNq_NVvT_YI8q7nE_vwXs_6bzMq_9fFt7n0r_NVvT_YIlrK14Ba_7ZDX7Y%26h%3dIzLz97.GiP%26nL%3d5ZB7f4ebB%26Px%3dUDXAc7W8T5f7cA%26D%3dCZhA6Widj4jc6aib09DfAV980Ze7D9CeiTedi5A0AZi7D6h0k66BBV68j4Bff9B0&amp;mupckp=mupAtu4m8OiX0wt\" target=\"_blank\" rel=\"noreferrer noopener\"><strong>Comune di Imperia<\/strong><\/a>, che ha partecipato alla fiera insieme alla DMO Riviera dei Fiori e alla DMC DEDE \u2013 Destination Design, con un\u2019agenda di incontri dedicata a tour operator e operatori internazionali. L\u2019obiettivo era chiaro:&nbsp;<strong>rafforzare<\/strong>&nbsp;il posizionamento della destinazione sui mercati esteri e consolidare una rete di relazioni commerciali capaci di generare flussi turistici qualificati.<\/p>\n\n\n\n<h2 class=\"wp-block-heading\"><span class=\"ez-toc-section\" id=\"Un_percorso_di_internazionalizzazione_che_parte_da_lontano\"><\/span><strong><a name=\"terra\"><strong><strong>Un percorso di internazionalizzazione che parte da lontano<\/strong><\/strong><\/a><\/strong><span class=\"ez-toc-section-end\"><\/span><\/h2>\n\n\n\n<p>Per&nbsp;<strong>Imperia<\/strong>, la presenza a Berlino rappresenta un passaggio significativo all\u2019interno di un percorso pi\u00f9 ampio di internazionalizzazione. Il 2026 si \u00e8 aperto infatti con la partecipazione alla&nbsp;<strong>Vakantiebeurs<\/strong>&nbsp;di Utrecht, una delle principali fiere turistiche del Nord Europa, che ha fornito indicazioni preziose sulle tendenze della domanda internazionale e sull\u2019interesse crescente verso destinazioni mediterranee caratterizzate da autenticit\u00e0, qualit\u00e0 della vita e turismo attivo.<\/p>\n\n\n\n<figure class=\"wp-block-image size-large\"><img alt=\"\" loading=\"lazy\" decoding=\"async\" width=\"1024\" height=\"858\" src=\"https:\/\/studiowiki.it\/inova\/wp-content\/uploads\/2026\/03\/unnamed-6-1024x858.jpg\" alt=\"\" class=\"wp-image-118262\" srcset=\"https:\/\/studiowiki.it\/inova\/wp-content\/uploads\/2026\/03\/unnamed-6-1024x858.jpg 1024w, https:\/\/studiowiki.it\/inova\/wp-content\/uploads\/2026\/03\/unnamed-6-300x251.jpg 300w, https:\/\/studiowiki.it\/inova\/wp-content\/uploads\/2026\/03\/unnamed-6-768x644.jpg 768w, https:\/\/studiowiki.it\/inova\/wp-content\/uploads\/2026\/03\/unnamed-6-380x319.jpg 380w, https:\/\/studiowiki.it\/inova\/wp-content\/uploads\/2026\/03\/unnamed-6-800x671.jpg 800w, https:\/\/studiowiki.it\/inova\/wp-content\/uploads\/2026\/03\/unnamed-6-1160x972.jpg 1160w, https:\/\/studiowiki.it\/inova\/wp-content\/uploads\/2026\/03\/unnamed-6.jpg 1410w\" sizes=\"auto, (max-width: 1024px) 100vw, 1024px\" \/><\/figure>\n\n\n\n<h2 class=\"wp-block-heading\"><span class=\"ez-toc-section\" id=\"Il_racconto_di_un_Mediterraneo_contemporaneo\"><\/span>Il racconto di un Mediterraneo contemporaneo<span class=\"ez-toc-section-end\"><\/span><\/h2>\n\n\n\n<p>A Berlino, Imperia si \u00e8 presentata come una destinazione capace di raccontare&nbsp;<strong>un\u2019idea di Mediterraneo contemporaneo<\/strong>. Non soltanto mare, ma un<strong>&nbsp;sistema integrato di esperienze<\/strong>&nbsp;che mette insieme outdoor, ciclabilit\u00e0, cultura ed enogastronomia. Un posizionamento coerente con le nuove dinamiche della domanda turistica internazionale, sempre pi\u00f9 orientata verso viaggi esperienziali, sostenibili e legati al benessere.<\/p>\n\n\n\n<p>Il clima mite che caratterizza la&nbsp;<strong>Riviera dei Fiori&nbsp;<\/strong>durante tutto l\u2019anno rappresenta uno degli elementi distintivi della destinazione, insieme alla possibilit\u00e0 di vivere il territorio attraverso attivit\u00e0 outdoor e&nbsp;mobilit\u00e0 dolce. In questo contesto la posizione geografica diventa un ulteriore punto di forza: Imperia si colloca infatti in un corridoio strategico tra la Costa Azzurra e l\u2019arco alpino, intercettando flussi turistici di prossimit\u00e0 e mercati transfrontalieri ad alta capacit\u00e0 di spesa.<\/p>\n\n\n\n<h2 class=\"wp-block-heading\"><span class=\"ez-toc-section\" id=\"Le_fiere_come_piattaforme_di_mercato\"><\/span><strong><a name=\"appuntamento\"><strong><strong>Le fiere come piattaforme di mercato<\/strong><\/strong><\/a><\/strong><span class=\"ez-toc-section-end\"><\/span><\/h2>\n\n\n\n<p>\u00c8 proprio all\u2019interno di questo scenario competitivo che la partecipazione alle grandi&nbsp;<strong>fiere internazionali<\/strong>&nbsp;del turismo assume un&nbsp;<strong>valore strategico<\/strong>. Eventi come l\u2019ITB di Berlino sono infatti il punto di incontro tra destinazioni e mercati globali, offrendo l\u2019opportunit\u00e0 di posizionare territori come la Riviera dei Fiori all\u2019interno delle principali reti di distribuzione e promozione turistica.<\/p>\n\n\n\n<p>La dimensione realmente internazionale della fiera emerge camminando tra i padiglioni della Messe Berlin. Ogni area del mondo \u00e8 rappresentata da stand istituzionali, destinazioni emergenti, grandi gruppi turistici e operatori specializzati. In pochi metri si passa dall\u2019Asia al Medio Oriente, dall\u2019America Latina al Nord Europa, in una sorta di&nbsp;<strong>mappa vivente del turismo globale.<\/strong><\/p>\n\n\n\n<h2 class=\"wp-block-heading\"><span class=\"ez-toc-section\" id=\"Competere_sul_prodotto_non_solo_sulla_promozione\"><\/span><strong>Competere sul prodotto, non solo sulla promozione<\/strong><span class=\"ez-toc-section-end\"><\/span><\/h2>\n\n\n\n<p>In questo contesto le destinazioni non competono solo sul piano della promozione, ma sulla capacit\u00e0 di presentare prodotti turistici strutturati, accessibili e coerenti con le aspettative dei mercati. La competizione non riguarda pi\u00f9 soltanto il patrimonio naturale o culturale, ma anche la qualit\u00e0 dell\u2019offerta, la governance turistica e la capacit\u00e0 di costruire reti tra pubblico e privato.&nbsp;Proprio per questo motivo ITB Berlin rappresenta molto pi\u00f9 di una semplice fiera. \u00c8 un&nbsp;<strong>laboratorio internazionale&nbsp;<\/strong>dove si osservano le trasformazioni del turismo e si anticipano le tendenze che guideranno il mercato nei prossimi anni.<\/p>\n\n\n\n<p>Tra i temi pi\u00f9 ricorrenti emersi durante l\u2019edizione 2026 si conferma la crescita del&nbsp;<strong>turismo esperienziale&nbsp;<\/strong>e delle&nbsp;<strong>vacanze attive<\/strong>, insieme a un interesse sempre pi\u00f9 forte per destinazioni sostenibili e capaci di offrire un\u2019elevata qualit\u00e0 della vita. Elementi che coincidono con il posizionamento di molte destinazioni italiane e in particolare di quelle liguri.<\/p>\n\n\n\n<p>Per territori come Imperia, partecipare a una piattaforma globale come ITB significa quindi confrontarsi direttamente con i mercati internazionali e con le dinamiche competitive del turismo contemporaneo. Non si tratta soltanto di raccontare una destinazione, ma di inserirla in un<strong>&nbsp;sistema di relazioni commerciali che coinvolge tour operator, intermediari e operatori del settore.<\/strong> In questo senso la presenza all\u2019interno dello stand di Regione Liguria rappresenta un esempio di promozione territoriale costruita in chiave di sistema, dove la forza del brand regionale diventa un moltiplicatore di visibilit\u00e0 per le singole destinazioni.<\/p>\n\n\n\n<figure class=\"wp-block-image size-large\"><img alt=\"\" loading=\"lazy\" decoding=\"async\" width=\"1024\" height=\"858\" src=\"https:\/\/studiowiki.it\/inova\/wp-content\/uploads\/2026\/03\/unnamed-4-1024x858.png\" alt=\"\" class=\"wp-image-118263\" srcset=\"https:\/\/studiowiki.it\/inova\/wp-content\/uploads\/2026\/03\/unnamed-4-1024x858.png 1024w, https:\/\/studiowiki.it\/inova\/wp-content\/uploads\/2026\/03\/unnamed-4-300x251.png 300w, https:\/\/studiowiki.it\/inova\/wp-content\/uploads\/2026\/03\/unnamed-4-768x644.png 768w, https:\/\/studiowiki.it\/inova\/wp-content\/uploads\/2026\/03\/unnamed-4-380x319.png 380w, https:\/\/studiowiki.it\/inova\/wp-content\/uploads\/2026\/03\/unnamed-4-800x671.png 800w, https:\/\/studiowiki.it\/inova\/wp-content\/uploads\/2026\/03\/unnamed-4-1160x972.png 1160w, https:\/\/studiowiki.it\/inova\/wp-content\/uploads\/2026\/03\/unnamed-4.png 1410w\" sizes=\"auto, (max-width: 1024px) 100vw, 1024px\" \/><\/figure>\n\n\n\n<h2 class=\"wp-block-heading\"><span class=\"ez-toc-section\" id=\"Il_turismo_globale_visto_da_Berlino\"><\/span><strong><a name=\"arancini\"><strong><strong>Il turismo globale visto da Berlino<\/strong><\/strong><\/a><\/strong><span class=\"ez-toc-section-end\"><\/span><\/h2>\n\n\n\n<p>Al termine dei tre giorni di fiera, ci\u00f2 che resta non sono soltanto i contatti raccolti o le agende di incontri completate. Resta soprattutto la consapevolezza di quanto il turismo sia oggi un settore sempre pi\u00f9 globale e competitivo, dove la capacit\u00e0 di fare rete e di presentarsi sui mercati internazionali con una proposta chiara e coerente diventa determinante.<\/p>\n\n\n\n<p>E se esiste un luogo dove tutto questo si rende visibile in modo quasi tangibile, quel luogo \u00e8 proprio ITB Berlin. Qui il turismo non \u00e8 soltanto un racconto fatto di paesaggi e destinazioni, ma un&nbsp;<strong>sistema complesso di relazioni, strategie e opportunit\u00e0&nbsp;<\/strong>che ogni anno, per qualche giorno, trova nella capitale tedesca il proprio punto di incontro.<\/p>\n","protected":false},"excerpt":{"rendered":"Oltre centomila professionisti e pi\u00f9 di cinquemila espositori riuniti a Berlino\n","protected":false},"author":34,"featured_media":118277,"comment_status":"open","ping_status":"closed","sticky":false,"template":"","format":"standard","meta":{"_seopress_robots_primary_cat":"227","_seopress_titles_title":"","_seopress_titles_desc":"Berlino ospita ITB Berlin, la pi\u00f9 importante fiera B2B del turismo mondiale: oltre 100mila professionisti e 5mila espositori da 190 Paesi.","_seopress_robots_index":"","csco_singular_sidebar":"","csco_page_header_type":"","csco_page_load_nextpost":"","csco_post_video_location":[],"csco_post_video_url":"","csco_post_video_bg_start_time":0,"csco_post_video_bg_end_time":0,"footnotes":"","_links_to":"","_links_to_target":""},"categories":[229,235,89,227,233],"tags":[189,291,292,52],"class_list":{"0":"post-118259","1":"post","2":"type-post","3":"status-publish","4":"format-standard","5":"has-post-thumbnail","7":"category-dati-e-ricerche","8":"category-turismo","9":"category-editoriale","10":"category-inova","11":"category-comunicazione","12":"tag-editoriale","13":"tag-inova-85","14":"tag-itbberlin","15":"tag-turismo","16":"cs-entry","17":"cs-video-wrap"},"_links":{"self":[{"href":"https:\/\/studiowiki.it\/inova\/wp-json\/wp\/v2\/posts\/118259","targetHints":{"allow":["GET"]}}],"collection":[{"href":"https:\/\/studiowiki.it\/inova\/wp-json\/wp\/v2\/posts"}],"about":[{"href":"https:\/\/studiowiki.it\/inova\/wp-json\/wp\/v2\/types\/post"}],"author":[{"embeddable":true,"href":"https:\/\/studiowiki.it\/inova\/wp-json\/wp\/v2\/users\/34"}],"replies":[{"embeddable":true,"href":"https:\/\/studiowiki.it\/inova\/wp-json\/wp\/v2\/comments?post=118259"}],"version-history":[{"count":9,"href":"https:\/\/studiowiki.it\/inova\/wp-json\/wp\/v2\/posts\/118259\/revisions"}],"predecessor-version":[{"id":118278,"href":"https:\/\/studiowiki.it\/inova\/wp-json\/wp\/v2\/posts\/118259\/revisions\/118278"}],"wp:featuredmedia":[{"embeddable":true,"href":"https:\/\/studiowiki.it\/inova\/wp-json\/wp\/v2\/media\/118277"}],"wp:attachment":[{"href":"https:\/\/studiowiki.it\/inova\/wp-json\/wp\/v2\/media?parent=118259"}],"wp:term":[{"taxonomy":"category","embeddable":true,"href":"https:\/\/studiowiki.it\/inova\/wp-json\/wp\/v2\/categories?post=118259"},{"taxonomy":"post_tag","embeddable":true,"href":"https:\/\/studiowiki.it\/inova\/wp-json\/wp\/v2\/tags?post=118259"}],"curies":[{"name":"wp","href":"https:\/\/api.w.org\/{rel}","templated":true}]}}