{"id":117515,"date":"2024-07-04T18:10:04","date_gmt":"2024-07-04T18:10:04","guid":{"rendered":"https:\/\/studiowiki.it\/inova\/?p=117515"},"modified":"2026-04-13T15:59:23","modified_gmt":"2026-04-13T15:59:23","slug":"dolomiti-bellunesi-fuori-dai-luoghi-comuni","status":"publish","type":"post","link":"https:\/\/studiowiki.it\/inova\/dolomiti-bellunesi-fuori-dai-luoghi-comuni\/","title":{"rendered":"Dolomiti Bellunesi: fuori dai luoghi comuni"},"content":{"rendered":"\n<p>Il nostro viaggio in Veneto continua, alla scoperta della <strong><a href=\"https:\/\/www.dmodolomiti.it\/\" target=\"_blank\" rel=\"noreferrer noopener\">DMO Dolomiti Bellunesi<\/a><\/strong>, interlocutore strategico per quanto riguarda le politiche turistiche del territorio. Ad accompagnarci, come sempre, la grafica di Valeria Morando e le immagini scattate da Davide Busetto.<\/p>\n\n\n\n<p><strong>A Valentina Colleselli, direttrice della Fondazione DMO Dolomiti Bellunesi, abbiamo chiesto prima di tutto di tracciare un\u2019istantanea della governance turistica del territorio.<\/strong><\/p>\n\n\n\n<p>Siamo in uno stadio evolutivo avanzato dal punto di vista della governance, con <strong>47 soci di cui 26 pubblici e 21 privati<\/strong>, che garantiscono un\u2019importante rappresentativit\u00e0 territoriale. Coordinamento e individuazione degli obiettivi sono le priorit\u00e0 di questa fase, in cui ci siamo dotati di un progetto strategico di sviluppo turistico triennale, con un budget da 3.250.000 \u20ac. Non essendo ancora sostenuti dall&#8217;imposta di soggiorno, a differenza di altre fondazioni, abbiamo un <strong>bilancio coperto dalle quote sociali<\/strong>, a cui si aggiunge il finanziamento dai fondi per i comuni confinanti, gestito da un comitato paritetico, a cui partecipiamo insieme alla Provincia di Belluno.<\/p>\n\n\n\n<p><strong>Quali sono i macro-temi su cui si concentra il vostro piano strategico?<\/strong><\/p>\n\n\n\n<p>Sono <strong>7 le azioni strategiche fondamentali<\/strong>, che intercettano anche le politiche regionali: servizi digitali e dashboard dati; sostenibilit\u00e0 e ambiente; brand strategy; comunicazione e marketing; sviluppo del prodotto; macro-progetti area alpina. Il turismo non \u00e8 pi\u00f9 un settore economico che pu\u00f2 essere concepito come separato da altri settori dell\u2019economia e della societ\u00e0: per questo occorre lavorare a un <strong>cambiamento di visione <\/strong>e collaborare per raggiungere risultati comuni, anche a lungo termine. In questo senso, il concetto di promozione turistica deve evolvere in quello di governance.<\/p>\n\n\n\n<figure class=\"wp-block-image size-large is-resized\"><img alt=\"\" loading=\"lazy\" decoding=\"async\" width=\"1024\" height=\"537\" src=\"https:\/\/studiowiki.it\/inova\/wp-content\/uploads\/2024\/07\/Dolomiti-bellunesi-Davide-Busetto-1-1024x537.jpg\" alt=\"\" class=\"wp-image-117545\" style=\"width:690px;height:auto\" srcset=\"https:\/\/studiowiki.it\/inova\/wp-content\/uploads\/2024\/07\/Dolomiti-bellunesi-Davide-Busetto-1-1024x537.jpg 1024w, https:\/\/studiowiki.it\/inova\/wp-content\/uploads\/2024\/07\/Dolomiti-bellunesi-Davide-Busetto-1-300x157.jpg 300w, https:\/\/studiowiki.it\/inova\/wp-content\/uploads\/2024\/07\/Dolomiti-bellunesi-Davide-Busetto-1-768x403.jpg 768w, https:\/\/studiowiki.it\/inova\/wp-content\/uploads\/2024\/07\/Dolomiti-bellunesi-Davide-Busetto-1-1536x806.jpg 1536w, https:\/\/studiowiki.it\/inova\/wp-content\/uploads\/2024\/07\/Dolomiti-bellunesi-Davide-Busetto-1-2048x1075.jpg 2048w, https:\/\/studiowiki.it\/inova\/wp-content\/uploads\/2024\/07\/Dolomiti-bellunesi-Davide-Busetto-1-380x199.jpg 380w, https:\/\/studiowiki.it\/inova\/wp-content\/uploads\/2024\/07\/Dolomiti-bellunesi-Davide-Busetto-1-800x420.jpg 800w, https:\/\/studiowiki.it\/inova\/wp-content\/uploads\/2024\/07\/Dolomiti-bellunesi-Davide-Busetto-1-1160x609.jpg 1160w, https:\/\/studiowiki.it\/inova\/wp-content\/uploads\/2024\/07\/Dolomiti-bellunesi-Davide-Busetto-1-scaled.jpg 2560w\" sizes=\"auto, (max-width: 1024px) 100vw, 1024px\" \/><figcaption class=\"wp-element-caption\">Foto di Davide Busetto<\/figcaption><\/figure>\n\n\n\n<p><strong>Una delle vostre priorit\u00e0 \u00e8 legata al data intelligence. Ci spiega meglio?<\/strong><\/p>\n\n\n\n<p>L&#8217;azione 1 del piano strategico riguarda proprio i dati e i servizi digitali ed \u00e8 supportata sia da un piano di sviluppo interno, gestito a livello locale, ma \u00e8 rafforzata anche dalla partecipazione al bando regionale <strong>Smart Tourism Destination<\/strong>. Tra gli obiettivi, la creazione di una dashboard dati gemellata con l&#8217;Osservatorio Turistico Federato del Veneto e l\u2019implementazione dei sistemi di acquisizione di dati dinamici da restituire al territorio, organizzare per fare riflessioni sulle strategie turistiche e orientare gli investimenti.<\/p>\n\n\n\n<p><strong>Tra i temi pi\u00f9 importanti, c\u2019\u00e8 poi la branding strategy. Come vi state muovendo in questo senso e quali azioni di comunicazione e marketing state implementando?<\/strong><\/p>\n\n\n\n<p>Abbiamo lanciato il <strong>brand &#8220;Dolomiti bellunesi. The Mountains of Venice&#8221;<\/strong> accompagnato dal claim &#8220;Una montagna fuori dai luoghi comuni&#8221; e stiamo lavorando per farlo conoscere con azioni di marketing fuori e dentro il territorio, con l\u2019obiettivo di rafforzare l\u2019identit\u00e0 turistica territoriale. La campagna include un video principale, che sar\u00e0 poi declinato in una serie di video stagionali. Parallelamente, stiamo implementando accordi strategici per la comunicazione, come quello con la rete <strong>Autostrade per l&#8217;Italia<\/strong>, grazie alla quale per tutto il mese di agosto sugli schemi degli Autogrill saranno proiettati spot da 15 secondi, e con Save, per uno spazio video all&#8217;interno dell&#8217;area partenze dell&#8217;aeroporto. Stiamo chiudendo incarichi per la realizzazione di nuovi contenuti, foto e video, collaboriamo con Regione Veneto per <strong>Educational e Press Tour<\/strong> e lavoriamo insieme ai soci nell\u2019organizzazione di eventi. Partecipiamo alle principali <strong>fiere del settore<\/strong>, quali Bit di Milano e TTG di Rimini, ITB di Berlino e IMEX di Francoforte e saremo presenti anche al WTM di Londra e a Torino all\u2019Italy at Hand, evento di punta del Convention Bureau Italia. Con azioni di cobranding e comarketing, stiamo collaborando infine con Dolomiti Superski, Fondazione Cortina, Regione Veneto, Longarone Fiere e altri.<\/p>\n\n\n\n<figure class=\"wp-block-image size-large\"><img alt=\"\" loading=\"lazy\" decoding=\"async\" width=\"682\" height=\"1024\" src=\"https:\/\/studiowiki.it\/inova\/wp-content\/uploads\/2024\/07\/Dolomiti-bellunesi-Davide-Busetto-4-682x1024.jpg\" alt=\"\" class=\"wp-image-117546\" srcset=\"https:\/\/studiowiki.it\/inova\/wp-content\/uploads\/2024\/07\/Dolomiti-bellunesi-Davide-Busetto-4-682x1024.jpg 682w, https:\/\/studiowiki.it\/inova\/wp-content\/uploads\/2024\/07\/Dolomiti-bellunesi-Davide-Busetto-4-200x300.jpg 200w, https:\/\/studiowiki.it\/inova\/wp-content\/uploads\/2024\/07\/Dolomiti-bellunesi-Davide-Busetto-4-768x1152.jpg 768w, https:\/\/studiowiki.it\/inova\/wp-content\/uploads\/2024\/07\/Dolomiti-bellunesi-Davide-Busetto-4-1024x1536.jpg 1024w, https:\/\/studiowiki.it\/inova\/wp-content\/uploads\/2024\/07\/Dolomiti-bellunesi-Davide-Busetto-4-380x570.jpg 380w, https:\/\/studiowiki.it\/inova\/wp-content\/uploads\/2024\/07\/Dolomiti-bellunesi-Davide-Busetto-4-800x1200.jpg 800w, https:\/\/studiowiki.it\/inova\/wp-content\/uploads\/2024\/07\/Dolomiti-bellunesi-Davide-Busetto-4-1160x1740.jpg 1160w, https:\/\/studiowiki.it\/inova\/wp-content\/uploads\/2024\/07\/Dolomiti-bellunesi-Davide-Busetto-4.jpg 1299w\" sizes=\"auto, (max-width: 682px) 100vw, 682px\" \/><figcaption class=\"wp-element-caption\">Foto di Davide Busetto<\/figcaption><\/figure>\n\n\n\n<p><strong>Quali sono, attualmente, i vostri canali di comunicazione verso l\u2019esterno?<\/strong><\/p>\n\n\n\n<p>Abbiamo il <strong>portale di destinazione<\/strong> <a href=\"http:\/\/www.visitdolomitibellunesi.com\" target=\"_blank\" rel=\"noreferrer noopener\">www.visitdolomitibellunesi.com<\/a>, presentato alla BIT di Milano nel febbraio 2023, che inizia ad avere un buon posizionamento, anche grazie a investimenti in SEO e campagne digital dedicate. \u00c8 multilingue, dinamico ed \u00e8 collegato al DMS regionale, intercettando tutte le offerte turistiche e permettendo la conversione in termini di vendita dei prodotti. A questo si affianca il <strong>sito istituzionale<\/strong>, oggi in fase di rifacimento, utilizzato per tutte le comunicazioni interne, con un&#8217;area repository dedicata ai soci, l&#8217;area dati e l&#8217;area report, per favorire il pi\u00f9 possibile una visione condivisa.\u00a0Abbiamo poi una <strong>newsletter<\/strong>, a cadenza mensile o bimestrale, a cui \u00e8 possibile registrarsi per ricevere informazioni sulle offerte della destinazione, e canali social, Facebook e Instagram, gestiti internamente, a cui stiamo pensando di aggiungere anche TikTok.<\/p>\n\n\n\n<p><strong>Cosa state facendo, invece, all\u2019interno della destinazione, per aumentare la consapevolezza del brand nella comunit\u00e0 locale?<\/strong><\/p>\n\n\n\n<p>Stiamo organizzando <strong>tavoli di lavoro territoriali <\/strong>per presentare la strategia di branding e fornire toolkit di layout grafici, materiali promozionali fisici e gadget brandizzati, con l&#8217;obiettivo di condividere valori comuni e omogeneizzare l&#8217;accoglienza turistica. A questo primo ciclo di incontri, che dovrebbe concludersi entro l\u2019autunno, sar\u00e0 poi abbinato un ciclo di incontri con le imprese turistiche, ma anche quelle non turistiche legate alla filiera.<\/p>\n\n\n\n<p>Grazie a investimenti regionali, stiamo introducendo il sistema digitale <strong>K Tips<\/strong>: collegato al sito e al DMS, geolocalizzato e dinamico, offre informazioni in tempo reale su offerte, attrazioni ed eventi della destinazione, visualizzabili su tablet e totem.<\/p>\n\n\n\n<p>Stiamo quindi lavorando <strong>sia a livello di governance che a livello molto pratico<\/strong>, con strumenti concreti per il territorio, perch\u00e9 vogliamo essere una destinazione credibile dal punto di vista dell&#8217;offerta e dobbiamo garantire che la promozione che facciamo corrisponda alla qualit\u00e0 e alla presenza di prodotti in destinazione. \u00c8 una sfida che richiede un forte coordinamento con chi poi il prodotto lo fa.<\/p>\n\n\n\n<figure class=\"wp-block-image size-large\"><img alt=\"\" loading=\"lazy\" decoding=\"async\" width=\"1024\" height=\"591\" src=\"https:\/\/studiowiki.it\/inova\/wp-content\/uploads\/2024\/07\/Dolomiti-bellunesi-Davide-Busetto-2-1024x591.jpg\" alt=\"\" class=\"wp-image-117547\" srcset=\"https:\/\/studiowiki.it\/inova\/wp-content\/uploads\/2024\/07\/Dolomiti-bellunesi-Davide-Busetto-2-1024x591.jpg 1024w, https:\/\/studiowiki.it\/inova\/wp-content\/uploads\/2024\/07\/Dolomiti-bellunesi-Davide-Busetto-2-300x173.jpg 300w, https:\/\/studiowiki.it\/inova\/wp-content\/uploads\/2024\/07\/Dolomiti-bellunesi-Davide-Busetto-2-768x443.jpg 768w, https:\/\/studiowiki.it\/inova\/wp-content\/uploads\/2024\/07\/Dolomiti-bellunesi-Davide-Busetto-2-1536x887.jpg 1536w, https:\/\/studiowiki.it\/inova\/wp-content\/uploads\/2024\/07\/Dolomiti-bellunesi-Davide-Busetto-2-2048x1182.jpg 2048w, https:\/\/studiowiki.it\/inova\/wp-content\/uploads\/2024\/07\/Dolomiti-bellunesi-Davide-Busetto-2-380x219.jpg 380w, https:\/\/studiowiki.it\/inova\/wp-content\/uploads\/2024\/07\/Dolomiti-bellunesi-Davide-Busetto-2-800x462.jpg 800w, https:\/\/studiowiki.it\/inova\/wp-content\/uploads\/2024\/07\/Dolomiti-bellunesi-Davide-Busetto-2-1160x670.jpg 1160w, https:\/\/studiowiki.it\/inova\/wp-content\/uploads\/2024\/07\/Dolomiti-bellunesi-Davide-Busetto-2-scaled.jpg 2560w\" sizes=\"auto, (max-width: 1024px) 100vw, 1024px\" \/><figcaption class=\"wp-element-caption\">Foto di Davide Busetto<\/figcaption><\/figure>\n\n\n\n<p><strong>In termini di sviluppo del prodotto turistico, che \u00e8 uno dei pillar del vostro piano strategico, quali sono le principali novit\u00e0 in vista?<\/strong><\/p>\n\n\n\n<p>Il nostro obiettivo \u00e8 <strong>individuare e creare prodotti rappresentativi del territorio <\/strong>ed efficaci in termini di conversione dell\u2019offerta, promuovendo tavoli di sviluppo prodotto e rafforzando le attivit\u00e0 di comunicazione. Il lavoro \u00e8 appena iniziato, con l\u2019attivazione di <strong>due tavoli sul cicloturismo e sulla pesca<\/strong>, alla quale, in particolare, stiamo dedicando una landing page come prodotto turistico nuovo, presentando le risorse idriche del territorio e la variet\u00e0 di pesci particolarmente pregevole.<\/p>\n\n\n\n<p><strong>Una destinazione data driven, quindi, ma anche molto orientata alla promo-commercializzazione. Che ruolo hanno gli IAT in questa strategia?<\/strong><\/p>\n\n\n\n<p>Gli IAT della nostra provincia hanno<strong> una gestione complessa e disomogenea<\/strong>, affidata in parte ai consorzi turistici, in parte a Pro Loco, associazioni e soggetti terzi, con cui intendiamo attivare una <strong>collaborazione e un coordinamento<\/strong>. Vorremmo inoltre creare dei presidi territoriali, con Infopoint della DMO che potrebbero fungere da hub anche per gli IAT del territorio. La vastit\u00e0 geografica di quest\u2019area ci richiede appunto di avere degli avamposti territoriali per essere pi\u00f9 efficaci nel coordinamento e nel supporto dei consorzi turistici.<\/p>\n\n\n\n<p><strong>Cortina, Dolomiti patrimonio Unesco, Venezia: come riuscite a restituite a trasmettere la complessit\u00e0 di un territorio ampio e variegato come quello delle Dolomiti Bellunesi, superando l\u2019identificazione con questi tre attrattori?<\/strong><\/p>\n\n\n\n<p>L\u2019analisi delle dinamiche di ricerca e delle parole chiave mostra che intercettiamo <strong>un tipo di turismo non organizzato e interessato anche ad esperienze outdoor sportive<\/strong>, ai cammini, al turismo slow e agli eventi. Per questo lavoriamo molto sulla promozione di eventi e iniziative di eccellenza quali l\u2019anello della Val Belluna o la ciclabile Monaco Venezia. Nella parte alta della Provincia ci sono<strong> numeri importanti legati allo sci<\/strong>, prodotto sicuramente maturo e consolidato, mentre in altre aree stiamo sviluppando offerte innovative legate al benessere e alla mindfulness. Possiamo sicuramente trarre vantaggio da nomi riconoscibili anche a livello internazionale come Venezia e Cortina, promuovendo per\u00f2 delle esperienze che, come dice il nostro claim, <strong>sono fuori dai luoghi comuni<\/strong>, puntando a diventare una destinazione nuova e in controtendenza rispetto al fenomeno dell\u2019overtourism.<\/p>\n\n\n\n<figure class=\"wp-block-image size-large\"><img alt=\"\" loading=\"lazy\" decoding=\"async\" width=\"1024\" height=\"682\" src=\"https:\/\/studiowiki.it\/inova\/wp-content\/uploads\/2024\/07\/Dolomiti-bellunesi-Davide-Busetto-3-1024x682.jpg\" alt=\"\" class=\"wp-image-117548\" srcset=\"https:\/\/studiowiki.it\/inova\/wp-content\/uploads\/2024\/07\/Dolomiti-bellunesi-Davide-Busetto-3-1024x682.jpg 1024w, https:\/\/studiowiki.it\/inova\/wp-content\/uploads\/2024\/07\/Dolomiti-bellunesi-Davide-Busetto-3-300x200.jpg 300w, https:\/\/studiowiki.it\/inova\/wp-content\/uploads\/2024\/07\/Dolomiti-bellunesi-Davide-Busetto-3-768x512.jpg 768w, https:\/\/studiowiki.it\/inova\/wp-content\/uploads\/2024\/07\/Dolomiti-bellunesi-Davide-Busetto-3-1536x1024.jpg 1536w, https:\/\/studiowiki.it\/inova\/wp-content\/uploads\/2024\/07\/Dolomiti-bellunesi-Davide-Busetto-3-380x253.jpg 380w, https:\/\/studiowiki.it\/inova\/wp-content\/uploads\/2024\/07\/Dolomiti-bellunesi-Davide-Busetto-3-800x533.jpg 800w, https:\/\/studiowiki.it\/inova\/wp-content\/uploads\/2024\/07\/Dolomiti-bellunesi-Davide-Busetto-3-1160x773.jpg 1160w, https:\/\/studiowiki.it\/inova\/wp-content\/uploads\/2024\/07\/Dolomiti-bellunesi-Davide-Busetto-3.jpg 1949w\" sizes=\"auto, (max-width: 1024px) 100vw, 1024px\" \/><figcaption class=\"wp-element-caption\">Foto di Davide Busetto<\/figcaption><\/figure>\n\n\n\n<p><strong>Collegandoci un po\u2019 anche a questo discorso, come state vedendo evolvere la tipologia di turismo che arriva nelle vostre aree?<\/strong><\/p>\n\n\n\n<p>Come molte destinazioni italiane, dopo il Covid abbiamo perso alcuni mercati internazionali. Ora c&#8217;\u00e8 un ritorno del mercato statunitense e una presenza forte dall&#8217;area DACH e dall&#8217;Est Europa per l&#8217;inverno. Nella parte bassa della provincia rileviamo un <strong>aumento di cicloturisti<\/strong>. La diversificazione dell&#8217;offerta sta favorendo la crescita di aree prima meno vocate al turismo. Occorre poi sempre ragionare in termini di capacit\u00e0 ricettiva, anche in previsione dell&#8217;impatto che potranno avere le <strong>Olimpiadi invernali<\/strong>.<\/p>\n\n\n\n<p><strong>Per concludere, quali sono, quindi, le prospettive per il futuro, i prossimi obiettivi, le sfide, anche rispetto poi all&#8217;evoluzione generale della regione?<\/strong><\/p>\n\n\n\n<p>Per me la sfida maggiore \u00e8 interna al territorio e riguarda la <strong>condivisione di una strategia di branding comune<\/strong> che ci permetta di consolidare un&#8217;offerta e una modalit\u00e0 di accoglienza che sia la pi\u00f9 omogenea possibile. Dal punto di vista della promozione del territorio, vediamo invece una grande opportunit\u00e0: la <strong>crescente sensibilit\u00e0 verso destinazioni pi\u00f9 sostenibili<\/strong> e meno affollate ci offre per il futuro margini di crescita e maggiore attrattivit\u00e0. Essendo parte della Regione Veneto, la maggiore regione turistica nazionale, contiamo infine di poter dare il nostro contributo significativo alla strategia regionale.<\/p>\n\n\n\n<hr class=\"wp-block-separator has-alpha-channel-opacity\"\/>\n\n\n\n<p>Grazie alla visione strategica di Valentina Colleselli, abbiamo potuto scoprire<strong> un esempio evoluto di DMO<\/strong>, che sta tracciando un percorso innovativo per la promozione di un turismo sostenibile e autentico. Con un&#8217;attenzione particolare alla data intelligence e una forte strategia di branding, le Dolomiti Bellunesi si preparano a <strong>consolidare la loro posizione come destinazione turistica di eccellenza<\/strong>, contribuendo anche alla crescita del Veneto come prima regione turistica italiana.<\/p>\n","protected":false},"excerpt":{"rendered":"Il nostro viaggio in Veneto continua, alla scoperta della DMO Dolomiti Bellunesi, interlocutore strategico per quanto riguarda le&hellip;\n","protected":false},"author":2,"featured_media":117519,"comment_status":"open","ping_status":"closed","sticky":false,"template":"","format":"standard","meta":{"_seopress_robots_primary_cat":"227","_seopress_titles_title":"","_seopress_titles_desc":"Alla scoperta della DMO Dolomiti Bellunesi, interlocutore strategico per quanto riguarda le politiche turistiche del territorio.","_seopress_robots_index":"","csco_singular_sidebar":"","csco_page_header_type":"","csco_page_load_nextpost":"","csco_post_video_location":[],"csco_post_video_url":"","csco_post_video_bg_start_time":0,"csco_post_video_bg_end_time":0,"footnotes":"","_links_to":"","_links_to_target":""},"categories":[229,235,227,233],"tags":[273],"class_list":{"0":"post-117515","1":"post","2":"type-post","3":"status-publish","4":"format-standard","5":"has-post-thumbnail","7":"category-dati-e-ricerche","8":"category-turismo","9":"category-inova","10":"category-comunicazione","11":"tag-inova-73","12":"cs-entry","13":"cs-video-wrap"},"_links":{"self":[{"href":"https:\/\/studiowiki.it\/inova\/wp-json\/wp\/v2\/posts\/117515","targetHints":{"allow":["GET"]}}],"collection":[{"href":"https:\/\/studiowiki.it\/inova\/wp-json\/wp\/v2\/posts"}],"about":[{"href":"https:\/\/studiowiki.it\/inova\/wp-json\/wp\/v2\/types\/post"}],"author":[{"embeddable":true,"href":"https:\/\/studiowiki.it\/inova\/wp-json\/wp\/v2\/users\/2"}],"replies":[{"embeddable":true,"href":"https:\/\/studiowiki.it\/inova\/wp-json\/wp\/v2\/comments?post=117515"}],"version-history":[{"count":7,"href":"https:\/\/studiowiki.it\/inova\/wp-json\/wp\/v2\/posts\/117515\/revisions"}],"predecessor-version":[{"id":117553,"href":"https:\/\/studiowiki.it\/inova\/wp-json\/wp\/v2\/posts\/117515\/revisions\/117553"}],"wp:featuredmedia":[{"embeddable":true,"href":"https:\/\/studiowiki.it\/inova\/wp-json\/wp\/v2\/media\/117519"}],"wp:attachment":[{"href":"https:\/\/studiowiki.it\/inova\/wp-json\/wp\/v2\/media?parent=117515"}],"wp:term":[{"taxonomy":"category","embeddable":true,"href":"https:\/\/studiowiki.it\/inova\/wp-json\/wp\/v2\/categories?post=117515"},{"taxonomy":"post_tag","embeddable":true,"href":"https:\/\/studiowiki.it\/inova\/wp-json\/wp\/v2\/tags?post=117515"}],"curies":[{"name":"wp","href":"https:\/\/api.w.org\/{rel}","templated":true}]}}