{"id":117159,"date":"2023-12-21T09:56:11","date_gmt":"2023-12-21T09:56:11","guid":{"rendered":"https:\/\/studiowiki.it\/inova\/?p=117159"},"modified":"2026-04-13T16:02:47","modified_gmt":"2026-04-13T16:02:47","slug":"premio-litalia-che-comunica-alla-campagna-iovadoaravenna","status":"publish","type":"post","link":"https:\/\/studiowiki.it\/inova\/premio-litalia-che-comunica-alla-campagna-iovadoaravenna\/","title":{"rendered":"Premio \u201cL\u2019Italia che comunica\u201d alla campagna #iovadoaRavenna"},"content":{"rendered":"\n<p>La <strong>campagna di promozione turistica #iovadoaRavenna, ideata dall\u2019agenzia di comunicazione Studiowiki per il Comune di Ravenna<\/strong>, \u00e8 stata l\u2019unica premiata nella <strong>categoria <\/strong><a href=\"https:\/\/www.italiachecomunica.it\/\" target=\"_blank\" rel=\"noreferrer noopener\"><strong>\u201cL\u2019Italia che comunica l\u2019Italia\u201d<\/strong> <\/a>nell\u2019ambito della XII edizione del Premio \u201cL\u2019Italia che comunica\u201d, promosso da UNA \u2013 Aziende della Comunicazione Unite per celebrare le eccellenze italiane, dando valore a tutti i settori: dalla comunicazione di marca ai social media, dall\u2019entertainment alla musica.<\/p>\n\n\n\n<p>Cuore della campagna multicanale, pensata per promuovere la destinazione immediatamente dopo l\u2019alluvione che ha colpito l\u2019Emilia-Romagna nel maggio 2023, \u00e8 lo <strong><a href=\"https:\/\/www.youtube.com\/playlist?list=PL8-zT8yzBgtJR49XK5wvDnbLXFocN30_1\" target=\"_blank\" rel=\"noreferrer noopener\">spot tv \u201cIo vado a Ravenna\u201d<\/a>, pianificato a livello nazionale sull\u2019emittente La7, grazie alla collaborazione con FMedia.<\/strong><\/p>\n\n\n\n<p>Alla <a href=\"https:\/\/www.turismo.ra.it\/ravenna-smart-tourism\/news\/iovadoaravenna-vince-il-premio-litalia-che-comunica-litalia\/\" target=\"_blank\" rel=\"noreferrer noopener\">cerimonia di premiazione<\/a>, luned\u00ec 11 dicembre al Four Season di Milano, ha partecipato l\u2019assessore al Turismo del Comune di Ravenna, <strong>Giacomo Costantini<\/strong>, che ha espresso la sua massima soddisfazione per \u201c<em>un riconoscimento davvero importante per la nostra citt\u00e0 e il nostro territorio. In poco tempo abbiamo data all\u2019agenzia Studiowiki un brief chiaro e concreto, con il supporto dello staff di Ravenna Tourism, che mettesse in risalto l\u2019offerta turistica attraverso i suoi protagonisti. Era necessario mandare un messaggio di fiducia tramite chi lavora nel turismo\u201d.<\/em><\/p>\n\n\n\n<figure class=\"wp-block-image size-large\"><img alt=\"\" loading=\"lazy\" decoding=\"async\" width=\"1024\" height=\"576\" src=\"https:\/\/studiowiki.it\/inova\/wp-content\/uploads\/2023\/12\/iovadoaRavenna_apollinare-1024x576.jpeg\" alt=\"\" class=\"wp-image-117163\" srcset=\"https:\/\/studiowiki.it\/inova\/wp-content\/uploads\/2023\/12\/iovadoaRavenna_apollinare-1024x576.jpeg 1024w, https:\/\/studiowiki.it\/inova\/wp-content\/uploads\/2023\/12\/iovadoaRavenna_apollinare-300x169.jpeg 300w, https:\/\/studiowiki.it\/inova\/wp-content\/uploads\/2023\/12\/iovadoaRavenna_apollinare-768x432.jpeg 768w, https:\/\/studiowiki.it\/inova\/wp-content\/uploads\/2023\/12\/iovadoaRavenna_apollinare-1536x864.jpeg 1536w, https:\/\/studiowiki.it\/inova\/wp-content\/uploads\/2023\/12\/iovadoaRavenna_apollinare-380x214.jpeg 380w, https:\/\/studiowiki.it\/inova\/wp-content\/uploads\/2023\/12\/iovadoaRavenna_apollinare-800x450.jpeg 800w, https:\/\/studiowiki.it\/inova\/wp-content\/uploads\/2023\/12\/iovadoaRavenna_apollinare-1160x653.jpeg 1160w, https:\/\/studiowiki.it\/inova\/wp-content\/uploads\/2023\/12\/iovadoaRavenna_apollinare.jpeg 1600w\" sizes=\"auto, (max-width: 1024px) 100vw, 1024px\" \/><\/figure>\n\n\n\n<p><em>\u201cL\u2019esigenza di comunicazione espressa dal Comune di Ravenna era di assoluta urgenza, per reagire tempestivamente alla crisi aperta dall\u2019emergenza meteorologica, proprio alla vigilia dell\u2019apertura della stagione turistica estiva, affrontandola a testa alta, con lo spirito tipicamente romagnolo \u2013 <\/em>ha commentato <strong>Federico Alberto<\/strong>, direttore creativo di Studiowiki.<em> \u2013 Non c\u2019era tempo e, in questo frangente, la comunicazione non ha potuto fare altro che allearsi alla pala, per raggiungere il maggior numero di persone il pi\u00f9 rapidamente possibile. \u00c9 cos\u00ec che, in sole tre settimane, \u00e8 nata la campagna #iovadoaRavenna, con uno spot televisivo realizzato e diffuso in tempi da record sui canali digitali e, grazie alla collaborazione dell\u2019agenzia FMedia, su La7. E i turisti sono tornati\u201d.<\/em><\/p>\n\n\n\n<p><em>\u201cNonostante i vincoli di tempo e di budget imposti dal carattere di estrema urgenza della campagna, si \u00e8 optato per la pianificazione su un\u2019emittente televisiva nazionale generalista e la scelta \u00e8 ricaduta su La7, la quarta rete pi\u00f9 vista in termini di audience con il 4,43% di share media giorno, ideale anche per la qualit\u00e0 editoriale del suo palinsesto e per il profilo della sua audience &#8211; <\/em>ha spiegato<strong> Francesco Caputo<\/strong>, Strategic Media Planner di FMedia<em>. \u2013 Per raggiungere la pi\u00f9 ampia copertura, con un mix di spot da 15\u201d e 30\u201d, la campagna \u00e8 stata diversificata attraverso l\u2019utilizzo di rubriche, giorni e fasce orarie diverse. Con la programmazione di circa 190 spot, dal 19 giugno al 1\u00b0 luglio, sono stati sviluppati quasi 43 milioni di contatti TV\u201d.<\/em><\/p>\n\n\n\n<p>Rafforzare l\u2019immagine di Ravenna e del suo territorio all\u2019insegna della bellezza e dell\u2019accoglienza, che qui si pu\u00f2 trovare sempre e ovunque, nella citt\u00e0 d\u2019arte, nei mosaici, nelle spiagge, nella biodiversit\u00e0 dell\u2019entroterra, era l\u2019obiettivo della campagna di comunicazione e promozione turistica multicanale #IovadoaRavenna, che, oltre allo spot tv, si \u00e8 sviluppata principalmente a livello digital e social. In questo messaggio semplice e chiaro, collettivo e comunitario, tutti hanno potuto identificarsi e condividerlo con estrema facilit\u00e0 e naturalezza. \u201cIo vado a Ravenna\u201d. Una frase che \u00e8 diventata efficace hashtag di riferimento per tutti i target, interni ed esterni, nazionali e internazionali.<\/p>\n","protected":false},"excerpt":{"rendered":"La campagna di promozione turistica #iovadoaRavenna, ideata dall\u2019agenzia di comunicazione Studiowiki per il Comune di Ravenna, \u00e8 stata&hellip;\n","protected":false},"author":2,"featured_media":117164,"comment_status":"open","ping_status":"closed","sticky":false,"template":"","format":"standard","meta":{"_seopress_robots_primary_cat":"227","_seopress_titles_title":"","_seopress_titles_desc":"La campagna di promozione turistica #iovadoaRavenna \u00e8 stata l\u2019unica premiata nella categoria \u201cL\u2019Italia che comunica l\u2019Italia\u201d.","_seopress_robots_index":"","csco_singular_sidebar":"","csco_page_header_type":"","csco_page_load_nextpost":"","csco_post_video_location":[],"csco_post_video_url":"","csco_post_video_bg_start_time":0,"csco_post_video_bg_end_time":0,"footnotes":"","_links_to":"","_links_to_target":""},"categories":[235,227,233],"tags":[260],"class_list":{"0":"post-117159","1":"post","2":"type-post","3":"status-publish","4":"format-standard","5":"has-post-thumbnail","7":"category-turismo","8":"category-inova","9":"category-comunicazione","10":"tag-inova-66","11":"cs-entry","12":"cs-video-wrap"},"_links":{"self":[{"href":"https:\/\/studiowiki.it\/inova\/wp-json\/wp\/v2\/posts\/117159","targetHints":{"allow":["GET"]}}],"collection":[{"href":"https:\/\/studiowiki.it\/inova\/wp-json\/wp\/v2\/posts"}],"about":[{"href":"https:\/\/studiowiki.it\/inova\/wp-json\/wp\/v2\/types\/post"}],"author":[{"embeddable":true,"href":"https:\/\/studiowiki.it\/inova\/wp-json\/wp\/v2\/users\/2"}],"replies":[{"embeddable":true,"href":"https:\/\/studiowiki.it\/inova\/wp-json\/wp\/v2\/comments?post=117159"}],"version-history":[{"count":3,"href":"https:\/\/studiowiki.it\/inova\/wp-json\/wp\/v2\/posts\/117159\/revisions"}],"predecessor-version":[{"id":117166,"href":"https:\/\/studiowiki.it\/inova\/wp-json\/wp\/v2\/posts\/117159\/revisions\/117166"}],"wp:featuredmedia":[{"embeddable":true,"href":"https:\/\/studiowiki.it\/inova\/wp-json\/wp\/v2\/media\/117164"}],"wp:attachment":[{"href":"https:\/\/studiowiki.it\/inova\/wp-json\/wp\/v2\/media?parent=117159"}],"wp:term":[{"taxonomy":"category","embeddable":true,"href":"https:\/\/studiowiki.it\/inova\/wp-json\/wp\/v2\/categories?post=117159"},{"taxonomy":"post_tag","embeddable":true,"href":"https:\/\/studiowiki.it\/inova\/wp-json\/wp\/v2\/tags?post=117159"}],"curies":[{"name":"wp","href":"https:\/\/api.w.org\/{rel}","templated":true}]}}