{"id":116762,"date":"2023-04-20T10:50:10","date_gmt":"2023-04-20T10:50:10","guid":{"rendered":"https:\/\/studiowiki.it\/inova\/?p=116762"},"modified":"2023-04-20T17:17:09","modified_gmt":"2023-04-20T17:17:09","slug":"the-sound-of-modena-una-nuova-web-serie-per-la-promozione-del-territorio","status":"publish","type":"post","link":"https:\/\/studiowiki.it\/inova\/the-sound-of-modena-una-nuova-web-serie-per-la-promozione-del-territorio\/","title":{"rendered":"The Sound of Modena: una nuova web serie per la promozione del territorio"},"content":{"rendered":"\n<p><strong><em><a href=\"https:\/\/www.visitmodena.it\/it\/thesoundofmodena\" target=\"_blank\" rel=\"noreferrer noopener\">The Sound of Modena<\/a><\/em><\/strong> \u00e8 il <em>claim <\/em>della nuova campagna di comunicazione e promozione turistica, ideata e realizzata da Studiowiki per il Comune di Modena. <strong>Sette video sul web per raccontare il territorio e la vita modenese attraverso il suono e i rumori della citt\u00e0<\/strong>.<\/p>\n\n\n\n<p><strong>Indice dei contenuti:<\/strong><\/p>\n\n\n\n<ul class=\"wp-block-list\">\n<li><a href=\"#Cocept\">Il concept<\/a><\/li>\n\n\n\n<li><a href=\"#Format\">Il format<\/a><\/li>\n\n\n\n<li><a href=\"#Pianificazione\">La pianificazione strategica<\/a><\/li>\n\n\n\n<li><a href=\"#Campagna\">Una campagna di comunicazione corale che coinvolge la citt\u00e0<\/a><\/li>\n\n\n\n<li><a href=\"#Continuit\u00e0\">La continuit\u00e0 con le precedenti campagne di promozione turistica<\/a><\/li>\n\n\n\n<li><a href=\"#Commenti\">I commenti<\/a><\/li>\n<\/ul>\n\n\n\n<h2 class=\"wp-block-heading\"><strong><a name=\"Cocept\">Il concept<\/a><\/strong><\/h2>\n\n\n\n<p>La campagna di comunicazione mette al centro <strong>i suoni e i rumori caratteristici di Modena<\/strong>: il rombo dei motori, la musica e il bel canto, ma anche suoni inaspettati, come il rullare del mattarello sulla spianatoia mentre si tira la sfoglia o la goccia densa di aceto balsamico tradizionale che cade sul cucchiaino, pronta per l\u2019assaggio.<\/p>\n\n\n\n<p>\u00ab<em>Attraverso il suono e i rumori della citt\u00e0 \u201cfacciamo cantare Modena\u201d<\/em>\u00bb spiega <strong>Federico Alberto, direttore creativo di Studiowiki<\/strong>. \u00ab<em>Attraverso il suono entriamo nella profonda emozionalit\u00e0 di Modena<\/em>\u00bb.<\/p>\n\n\n\n<p>La modalit\u00e0 \u00e8 quella del <strong><em>branded content<\/em><\/strong><em>. <\/em>Il format quello della<em> <strong>web serie.<\/strong><\/em><\/p>\n\n\n\n<h2 class=\"wp-block-heading\"><strong><a name=\"Format\">Il format<\/a><\/strong><\/h2>\n\n\n\n<p>Dopo il <strong>primo episodio, trasversale<\/strong> &#8211; una sorta di trailer per incuriosire il pubblico e presentare l\u2019operazione &#8211; si susseguiranno le puntate dedicate a <strong>motori<\/strong> (in uscita il 3 maggio), <strong>arte e cultura<\/strong> (in uscita il 7 giugno), <strong>natura, sport e benessere<\/strong> (in uscita il 5 luglio), <strong>musica<\/strong> (in uscita il 6 settembre) e <strong>sapori<\/strong> (4 ottobre), con una <strong>rapsodia finale<\/strong>, che riassumer\u00e0 la serie (in uscita l\u20198 novembre).<\/p>\n\n\n\n<p>Nella serie, contenuti profondi sono trattati in modo <strong>emozionale<\/strong> come solo il suono e la musica sanno fare, e con un <strong>tono di voce leggero, fresco, ironico e contemporaneo<\/strong>, anche grazie alla <strong>partecipazione straordinaria dei giovani musicisti del conservatorio Vecchi Tonelli di Modena e del conservatorio Paganini di Genova<\/strong>, primi protagonisti dell\u2019esperienza turistica che aprono a nuovi circuiti e nuovi pubblici.<\/p>\n\n\n\n<p>La web serie promozionale <em>The Sound of Modena<\/em> \u00e8 coordinata dal Servizio Promozione della citt\u00e0 e turismo del Comune di Modena e realizzata con la regia di Samuele Wurtz per Artescienza e la direzione creativa di Studiowiki.<\/p>\n\n\n\n<h2 class=\"wp-block-heading\"><a><strong><\/strong><\/a><strong><a name=\"Pianificazione\">La pianificazione strategica<\/a><\/strong><\/h2>\n\n\n\n<p>I 7 video da 3 minuti circa ciascuno che compongono la web serie <em>The Sound of Modena<\/em> saranno promossi <strong>in Italia e nell\u2019area di Monaco di Baviera<\/strong>, con l\u2019obiettivo di proseguire e consolidare l\u2019azione di posizionamento avviata con le precedenti campagne sul mercato domestico e su quello tedesco (da cui proviene anche il maggior numero di visite a sito web VisitModena.it).<\/p>\n\n\n\n<p>La campagna promozionale a supporto sar\u00e0 cos\u00ec articolata: <strong>foto e grafiche, statiche e dinamiche<\/strong>, distribuite sui siti partner di Google, nell\u2019home page di YouTube, nelle schede Promozioni e Social di Gmail e nella sezione Discover di Google; <strong>trailer da 6\u201d, 15\u201d e 30\u201d<\/strong> in diversi formati per la promozione della landing page della serie attraverso social media, YouTube, blog, siti web e app; trailer da 30\u201d di ogni singolo episodio, per la promozione della pagina della serie e delle relative pagine tematiche sul sito VisitModena.it.<\/p>\n\n\n\n<p>Le principali piattaforme di promozione per la campagna in Italia saranno <strong>Google Ads, Microsoft Ads e Meta Ads<\/strong>, mentre per il mercato tedesco saranno <strong>Google Ads e Meta Ads<\/strong>.<\/p>\n\n\n\n<h2 class=\"wp-block-heading\"><a><strong><\/strong><\/a><strong><a name=\"Campagna\">Una campagna di comunicazione corale che coinvolge la citt\u00e0<\/a><\/strong><\/h2>\n\n\n\n<p>La prima fase di riprese della web serie <em>The Sound of Modena<\/em>, realizzata tra l\u20198 e il 16 marzo 2023 scorsi, ha visto l\u2019<strong>ampio coinvolgimento della citt\u00e0 e del territorio, degli stakeholder e degli operatori della filiera turistica<\/strong>. La seconda fase di riprese si svolger\u00e0 in Appennino alla fine del mese di maggio 2023.<\/p>\n\n\n\n<p>La campagna, svolta in collaborazione con <strong>Modenatur<\/strong>, ha gi\u00e0 coinvolto in questa prima fase di riprese: Museo Enzo Ferrari Modena, Museo Ferrari Maranello, Museo Stanguellini Automobili, Autodromo di Modena, Scuderia Belle Epoque, Showroom Maserati, Museo Horacio Pagani, Galleria Estense, Torre Ghirlandina, Cimitero di San Cataldo, Casa Museo Luciano Pavarotti, Teatro Comunale Pavarotti-Freni, Conservatorio di musica \u201cVecchi Tonelli\u201d, Conservatorio Niccol\u00f2 Paganini di Genova, Modena Belcanto, Acetaia Comunale di Modena, Mercato Storico Albinelli, Osteria Santa Chiara, Salumificio F.lli Guerzoni, Caffetteria Drogheria Giusti, Consorzio \u201cModena a Tavola\u201d, Consorzio del Prosciutto di Modena DOP, Consorteria dell\u2019Aceto Balsamico Tradizionale di Modena.<\/p>\n\n\n\n<h2 class=\"wp-block-heading\"><a><strong><\/strong><\/a><strong><a name=\"Continuit\u00e0\">La continuit\u00e0 con le precedenti campagne di promozione turistica<\/a><\/strong><\/h2>\n\n\n\n<p>La campagna si colloca nel solco delle due precedenti operazioni promozionali, veicolate sempre attraverso il portale Visitmodena.it, che hanno ottenuto ottimi risultati: <strong><em>Ti tocca venire<\/em><\/strong>, pubblicata nel 2021, ha raggiunto oltre 28 milioni di impression e 300 mila clic in Italia e nell\u2019area sperimentale di Monaco di Baviera; <strong><em>\u00c8 tempo di Modena<\/em><\/strong>, del 2020, ha superato i 22 milioni di impression e le 238 mila visite al sito www.visitmodena.it.<\/p>\n\n\n\n<h2 class=\"wp-block-heading\"><a><strong><\/strong><\/a><strong><a name=\"Commenti\">I commenti<\/a><\/strong><\/h2>\n\n\n\n<p>\u201c<em>Con questa campagna<\/em> \u2013 ha commentato <strong>l\u2019assessora alla Promozione turistica del Comune di Modena Ludovica Carla Ferrari<\/strong> \u2013 <em>abbiamo voluto mirare diritti al cuore, con una comunicazione capace di emozionare, stupire e attrarre nella nostra citt\u00e0 e nel nostro territorio. Con i suoni di Modena tocchiamo le corde dei sentimenti e dei ricordi ancora prima che i turisti vivano le esperienze proposte dai pacchetti di visita affinch\u00e9 l\u2019empatia con i nostri luoghi e soprattutto con le persone sia profonda. Speriamo che \u2018The Sound of Modena\u2019<\/em> \u2013 conclude \u2013 <em>sappia raggiungere e superare il successo delle precedenti campagne di promozione e commercializzazione perch\u00e9 puntiamo a una stagione turistica in crescita anche in attesa dell\u2019uscita del film sulla vita di Enzo Ferrari<\/em>\u201d.<\/p>\n\n\n\n<p><strong>Federico Alberto, direttore creativo di Studiowiki<\/strong>, ha spiegato \u201c<em>due anni fa, in piena pandemia, proponevamo il claim \u2018\u00c8 tempo di Modena\u2019, ritenendo i tempi, appunto, maturi per visitare nuove destinazioni, spesso prossime, che il dibattito pubblico di allora suggeriva. Il tempo era per\u00f2 anche quello di una citt\u00e0 che, non solo tra musica e motori, ci pare fatta di sonorit\u00e0 peculiari. Lo scorso anno quel \u2018Ti tocca venire\u2019, spingeva con ironia al viaggio di visita e scoperta. Ora, \u2018The sound of Modena\u2019 racconta ancora pi\u00f9 in profondit\u00e0 il suono della citt\u00e0 e del territorio. Una campagna davvero ambiziosa, di cui andare orgogliosi<\/em>\u201d.<\/p>\n","protected":false},"excerpt":{"rendered":"The Sound of Modena \u00e8 il claim della nuova campagna di comunicazione e promozione turistica, ideata e realizzata&hellip;\n","protected":false},"author":2,"featured_media":116765,"comment_status":"open","ping_status":"closed","sticky":false,"template":"","format":"standard","meta":{"_seopress_robots_primary_cat":"227","_seopress_titles_title":"","_seopress_titles_desc":"The Sound of Modena \u00e8 il claim della nuova campagna di promozione turistica, ideata e realizzata da Studiowiki per il Comune di Modena.","_seopress_robots_index":"","csco_singular_sidebar":"","csco_page_header_type":"","csco_page_load_nextpost":"","csco_post_video_location":[],"csco_post_video_url":"","csco_post_video_bg_start_time":0,"csco_post_video_bg_end_time":0,"footnotes":"","_links_to":"","_links_to_target":""},"categories":[235,227,30,233],"tags":[244],"class_list":{"0":"post-116762","1":"post","2":"type-post","3":"status-publish","4":"format-standard","5":"has-post-thumbnail","7":"category-turismo","8":"category-inova","9":"category-news","10":"category-comunicazione","11":"tag-inova-58","12":"cs-entry","13":"cs-video-wrap"},"_links":{"self":[{"href":"https:\/\/studiowiki.it\/inova\/wp-json\/wp\/v2\/posts\/116762","targetHints":{"allow":["GET"]}}],"collection":[{"href":"https:\/\/studiowiki.it\/inova\/wp-json\/wp\/v2\/posts"}],"about":[{"href":"https:\/\/studiowiki.it\/inova\/wp-json\/wp\/v2\/types\/post"}],"author":[{"embeddable":true,"href":"https:\/\/studiowiki.it\/inova\/wp-json\/wp\/v2\/users\/2"}],"replies":[{"embeddable":true,"href":"https:\/\/studiowiki.it\/inova\/wp-json\/wp\/v2\/comments?post=116762"}],"version-history":[{"count":5,"href":"https:\/\/studiowiki.it\/inova\/wp-json\/wp\/v2\/posts\/116762\/revisions"}],"predecessor-version":[{"id":116769,"href":"https:\/\/studiowiki.it\/inova\/wp-json\/wp\/v2\/posts\/116762\/revisions\/116769"}],"wp:featuredmedia":[{"embeddable":true,"href":"https:\/\/studiowiki.it\/inova\/wp-json\/wp\/v2\/media\/116765"}],"wp:attachment":[{"href":"https:\/\/studiowiki.it\/inova\/wp-json\/wp\/v2\/media?parent=116762"}],"wp:term":[{"taxonomy":"category","embeddable":true,"href":"https:\/\/studiowiki.it\/inova\/wp-json\/wp\/v2\/categories?post=116762"},{"taxonomy":"post_tag","embeddable":true,"href":"https:\/\/studiowiki.it\/inova\/wp-json\/wp\/v2\/tags?post=116762"}],"curies":[{"name":"wp","href":"https:\/\/api.w.org\/{rel}","templated":true}]}}