{"id":116609,"date":"2022-12-07T18:14:33","date_gmt":"2022-12-07T18:14:33","guid":{"rendered":"https:\/\/studiowiki.it\/inova\/?p=116609"},"modified":"2026-04-13T16:02:47","modified_gmt":"2026-04-13T16:02:47","slug":"piccolo-e-bello-si-ma-fragile","status":"publish","type":"post","link":"https:\/\/studiowiki.it\/inova\/piccolo-e-bello-si-ma-fragile\/","title":{"rendered":"Piccolo \u00e8 bello? S\u00ec, ma fragile"},"content":{"rendered":"<p>Quella che appare in copertina non \u00e8 la consueta reinterpretazione di un\u2019opera d\u2019arte, ma l\u2019immagine creata da Valeria Morando per la Destination Design Conference, l\u2019evento che il 13 e 14 dicembre a Finale Ligure intende promuovere riflessione e confronto sul ruolo del turismo nello sviluppo dei territori fragili. DEDECO torna sul \u201cluogo del delitto\u201d, dove \u00e8 nata sette anni fa come Travel marketing days. In questa edizione vogliamo interrogarci insieme sui ruoli del turismo, anzi dei turismi, nelle dinamiche di sviluppo possibile dei territori marginali. L\u2019Italia seconda, che seconda non \u00e8. Anzi, \u00e8 la prima, visto che siamo un Paese fatto di paesi\u2026<\/p>\n\n\n<p>Perch\u00e9 se \u00e8 vero che piccolo (oggi come mai prima) \u00e8 bello, anzi, \u00e8 pi\u00f9 bello di grande, \u00e8 altrettanto vero (oggi come ieri) che \u201cpiccolo \u00e8 fragile\u201d.\n\nNon c\u2019\u00e8 grande differenza semantica tra |borgo| e |paese|. Ma \u00e8 sintomatico che i paesi, per aprirsi al \u201cmondo del turismo\u201d preferiscano chiamarsi e farsi chiamare borghi, che significa serrato.\n\nDefiniamo e ridefiniamo bisogni. Apriamo discussioni. Ipotizziamo soluzioni che non pretendono di essere totali ma aspirano, anzi sperano, di essere parziali<\/p>\n\n\n\n<p>Perch\u00e9 per identificare correttamente i bisogni \u00e8 necessario ascoltare. Fare nuovo spazio, in un momento dove l\u2019attenzione \u00e8 diventata \u2013 speriamo non irrimediabilmente \u2013 troppo selettiva.\n\nPerch\u00e9 per trovare soluzioni \u2013 o almeno provarci \u2013 bisogna prendersi il tempo che serve. Quello che resta. Per la discussione, il confronto e l\u2019approfondimento.\n\nIdentit\u00e0, reti, innovazione. Una serie di riflessioni, casi pratici e soluzioni che fanno riferimento a queste tre declinazioni, stimolando nuove visioni e approcci pratici allo sviluppo turistico territoriale: rendere visibile l&#8217;invisibile, superare i confini, uscire dagli schemi.<\/p>\n\n\n\n<p>A ciascuno di questi tre temi la Conference dedica una sessione di lavoro, con l\u2019alternarsi di speech individuali, confronti a due, testimonianze ed esperienze dai territori e tavole rotonde, con la partecipazione di esperti, professionisti e addetti ai lavori, volti a stimolare il pensiero critico e a fornire spunti pratici.\n\nE a fare da cornice ai lavori, una destinazione perfetta: Finale Ligure, piccola e fragile anche lei, ma capace di trasformarsi, di evolversi e anche di raccontarsi in modo innovativo, al punto da aggiudicarsi l\u2019argento al prestigioso premio L\u2019Italia che comunica l\u2019Italia con la campagna \u201cMy Perfect Place\u201d.\n\nSia che partecipiate in presenza, nel suggestivo Auditorium di Santa Caterina a Finalborgo, sia che vi colleghiate alla diretta streaming, in questo numero speciale di INova troverete qualche anticipazione sui contenuti.<\/p>\n\n\n\n<p><a rel=\"noreferrer noopener\" href=\"https:\/\/destinationdesignconference.it\/\" target=\"_blank\">QUI<\/a> potete trovare il programma completo e iscrivervi all\u2019evento.<\/p>\n\n\n\n<p><em>Vi aspettiamo a Finale Ligure!<\/em><\/p>\n","protected":false},"excerpt":{"rendered":"Quella che appare in copertina non \u00e8 la consueta reinterpretazione di un\u2019opera d\u2019arte, ma l\u2019immagine creata da Valeria&hellip;\n","protected":false},"author":4,"featured_media":116386,"comment_status":"open","ping_status":"closed","sticky":false,"template":"","format":"standard","meta":{"_seopress_robots_primary_cat":"0","_seopress_titles_title":"","_seopress_titles_desc":"59esima edizione del TTG di Rimini 2022, tenutasi dal 11 al 13 ottobre nei padiglioni della fiera romagnola: proviamo a tirare due somme.","_seopress_robots_index":"","csco_singular_sidebar":"","csco_page_header_type":"","csco_page_load_nextpost":"","csco_post_video_location":[],"csco_post_video_url":"","csco_post_video_bg_start_time":0,"csco_post_video_bg_end_time":0,"footnotes":"","_links_to":"","_links_to_target":""},"categories":[235,89,227],"tags":[189,240],"class_list":{"0":"post-116609","1":"post","2":"type-post","3":"status-publish","4":"format-standard","5":"has-post-thumbnail","7":"category-turismo","8":"category-editoriale","9":"category-inova","10":"tag-editoriale","11":"tag-inova-55","12":"cs-entry","13":"cs-video-wrap"},"_links":{"self":[{"href":"https:\/\/studiowiki.it\/inova\/wp-json\/wp\/v2\/posts\/116609","targetHints":{"allow":["GET"]}}],"collection":[{"href":"https:\/\/studiowiki.it\/inova\/wp-json\/wp\/v2\/posts"}],"about":[{"href":"https:\/\/studiowiki.it\/inova\/wp-json\/wp\/v2\/types\/post"}],"author":[{"embeddable":true,"href":"https:\/\/studiowiki.it\/inova\/wp-json\/wp\/v2\/users\/4"}],"replies":[{"embeddable":true,"href":"https:\/\/studiowiki.it\/inova\/wp-json\/wp\/v2\/comments?post=116609"}],"version-history":[{"count":4,"href":"https:\/\/studiowiki.it\/inova\/wp-json\/wp\/v2\/posts\/116609\/revisions"}],"predecessor-version":[{"id":116658,"href":"https:\/\/studiowiki.it\/inova\/wp-json\/wp\/v2\/posts\/116609\/revisions\/116658"}],"wp:featuredmedia":[{"embeddable":true,"href":"https:\/\/studiowiki.it\/inova\/wp-json\/wp\/v2\/media\/116386"}],"wp:attachment":[{"href":"https:\/\/studiowiki.it\/inova\/wp-json\/wp\/v2\/media?parent=116609"}],"wp:term":[{"taxonomy":"category","embeddable":true,"href":"https:\/\/studiowiki.it\/inova\/wp-json\/wp\/v2\/categories?post=116609"},{"taxonomy":"post_tag","embeddable":true,"href":"https:\/\/studiowiki.it\/inova\/wp-json\/wp\/v2\/tags?post=116609"}],"curies":[{"name":"wp","href":"https:\/\/api.w.org\/{rel}","templated":true}]}}