{"id":115660,"date":"2021-09-24T17:44:05","date_gmt":"2021-09-24T17:44:05","guid":{"rendered":"https:\/\/sitiwebsavona.it\/studiowiki\/inova\/?p=115660"},"modified":"2022-11-23T17:44:08","modified_gmt":"2022-11-23T17:44:08","slug":"leditoriale-digitale-plurale-2","status":"publish","type":"post","link":"https:\/\/studiowiki.it\/inova\/leditoriale-digitale-plurale-2\/","title":{"rendered":"Digitale plurale"},"content":{"rendered":"<p>Crisi. Scelte e opportunit\u00e0. In tanti, riferendosi all\u2019etimologia greca, ne hanno scritto in questi mesi. Talvolta, bisogna dirselo, per tirare un po\u2019 su il morale e provare a vedere il bicchiere mezzo pieno. Tuttavia ci sono alcuni aspetti del nostro vivere, del nostro lavorare, del nostro programmare il tempo libero, che hanno davvero subito cambiamenti grazie all\u2019accelerazione del digitale, un\u2019onda forte e imponente che ha accompagnato il movimento sinusoidale delle ondate del Coronavirus.<\/p>\n<p>Il dato consolidato \u00e8 che il Covid-19 dunque ha messo in luce l\u2019importanza del digitale per il nostro Paese, accelerando l\u2019innovazione e confermando comportamenti e abitudini gi\u00e0 in essere. A partire dal lavoro da remoto fino all\u2019utilizzo enorme degli e-commerce, passando per la digital transformation delle aziende, i social e le nuove professioni digitali. Tra i settori che hanno avuto un\u2019accelerazione importantissima nel 2020 troviamo senza dubbio gli e-commerce: non \u00e8 un caso se molte agenzie di comunicazione e marketing si stiano specializzando in questo settore che mostra una crescita continua, anche dopo le riaperture e quindi la fine della \u201cnecessit\u00e0\u201d di acquistare on line. Il dado \u00e8 tratto? Se prima del Coronavirus il digitale era considerato un\u2019opportunit\u00e0, oggi rappresenta una necessit\u00e0 per le piccole medie imprese. Ne parliamo a lungo con il contributo di Barbara Borgogni. Ma il <strong>digitale \u00e8 plurale<\/strong> non solo perch\u00e9 \u00e8 arrivato ad occupare molti spazi della nostra vita, ma perch\u00e9 deve essere for all. Nasce da questo un piccolo viaggio sul tema dell\u2019accessibilit\u00e0 dei siti web. Chiudiamo il nostro percorso nel digitale con il pezzo di Andrea Cornelli e Rossella Rosciano, che riflettono sulla comunicazione e sulle opportunit\u00e0 del digitale rispetto a turismo e cultura.<\/p>\n<p><strong>Valeria Morando quest\u2019oggi disegna INova 41 con un omaggio all\u2019origine del digitale, reinterpretando la nascita del sistema binario. <\/strong><\/p>\n<p><em>Buona lettura!<\/em><\/p>\n","protected":false},"excerpt":{"rendered":"Crisi. Scelte e opportunit\u00e0. In tanti, riferendosi all\u2019etimologia greca, ne hanno scritto in questi mesi. Talvolta, bisogna dirselo,&hellip;\n","protected":false},"author":4,"featured_media":115663,"comment_status":"open","ping_status":"closed","sticky":false,"template":"","format":"standard","meta":{"_seopress_robots_primary_cat":"0","_seopress_titles_title":"","_seopress_titles_desc":"59esima edizione del TTG di Rimini 2022, tenutasi dal 11 al 13 ottobre nei padiglioni della fiera romagnola: proviamo a tirare due somme.","_seopress_robots_index":"","csco_singular_sidebar":"","csco_page_header_type":"","csco_page_load_nextpost":"","csco_post_video_location":[],"csco_post_video_url":"","csco_post_video_bg_start_time":0,"csco_post_video_bg_end_time":0,"footnotes":"","_links_to":"","_links_to_target":""},"categories":[89,227],"tags":[189,100],"class_list":{"0":"post-115660","1":"post","2":"type-post","3":"status-publish","4":"format-standard","5":"has-post-thumbnail","7":"category-editoriale","8":"category-inova","9":"tag-editoriale","10":"tag-inova-41","11":"cs-entry","12":"cs-video-wrap"},"_links":{"self":[{"href":"https:\/\/studiowiki.it\/inova\/wp-json\/wp\/v2\/posts\/115660","targetHints":{"allow":["GET"]}}],"collection":[{"href":"https:\/\/studiowiki.it\/inova\/wp-json\/wp\/v2\/posts"}],"about":[{"href":"https:\/\/studiowiki.it\/inova\/wp-json\/wp\/v2\/types\/post"}],"author":[{"embeddable":true,"href":"https:\/\/studiowiki.it\/inova\/wp-json\/wp\/v2\/users\/4"}],"replies":[{"embeddable":true,"href":"https:\/\/studiowiki.it\/inova\/wp-json\/wp\/v2\/comments?post=115660"}],"version-history":[{"count":3,"href":"https:\/\/studiowiki.it\/inova\/wp-json\/wp\/v2\/posts\/115660\/revisions"}],"predecessor-version":[{"id":116018,"href":"https:\/\/studiowiki.it\/inova\/wp-json\/wp\/v2\/posts\/115660\/revisions\/116018"}],"wp:featuredmedia":[{"embeddable":true,"href":"https:\/\/studiowiki.it\/inova\/wp-json\/wp\/v2\/media\/115663"}],"wp:attachment":[{"href":"https:\/\/studiowiki.it\/inova\/wp-json\/wp\/v2\/media?parent=115660"}],"wp:term":[{"taxonomy":"category","embeddable":true,"href":"https:\/\/studiowiki.it\/inova\/wp-json\/wp\/v2\/categories?post=115660"},{"taxonomy":"post_tag","embeddable":true,"href":"https:\/\/studiowiki.it\/inova\/wp-json\/wp\/v2\/tags?post=115660"}],"curies":[{"name":"wp","href":"https:\/\/api.w.org\/{rel}","templated":true}]}}