{"id":113051,"date":"2022-07-18T16:22:39","date_gmt":"2022-07-18T16:22:39","guid":{"rendered":"https:\/\/www.studiowiki.it\/?p=113051"},"modified":"2026-04-13T15:41:11","modified_gmt":"2026-04-13T15:41:11","slug":"inova-n-50-the-perfect-place-la-web-serie","status":"publish","type":"post","link":"https:\/\/studiowiki.it\/inova\/inova-n-50-the-perfect-place-la-web-serie\/","title":{"rendered":"\u201cThe Perfect Place\u201d: la web serie dedicata a Finale Ligure"},"content":{"rendered":"<p>\u00c8 online ed \u00e8 dedicato alla <a href=\"https:\/\/bit.ly\/ThePerfectplace_ep3_Cultura\" target=\"_blank\" rel=\"noopener\">cultura<\/a>\u00a0il terzo episodio della <em>web serie <\/em><a href=\"https:\/\/visitfinaleligure.it\/my-perfect-place\/the-perfect-place\/\"><em>\u201cThe Perfect Place\u201d<\/em><\/a><em>: <\/em>cinque video storie con cui Finale Ligure si racconta tra outdoor, natura, cultura, mare e gusto, attraverso i volti, la voce, le passioni e le sfide dei suoi abitanti.<\/p>\n<p>Storie che, raccolte durante conversazioni con i protagonisti sullo sfondo del territorio finalese, rappresentano concretamente l\u2019impegno quotidiano di una comunit\u00e0 che si prende cura del luogo che abita, vive e ama, per renderlo un \u201cposto perfetto\u201d.<\/p>\n<p>La narrazione visiva del territorio finalese \u00e8 partita dall\u2019<a href=\"https:\/\/www.youtube.com\/watch?v=tCaonQEIRMQ&amp;feature=emb_logo\">outdoor<\/a>, (<em>La linea e il movimento<\/em>), dalla passione per la natura e lo sport all\u2019aria aperta &#8211; dall\u2019arrampicata alla mountain bike, dal running al parapendio, passando per il windsurf &#8211; nello scenario di un paesaggio dalle caratteristiche uniche al mondo, tra boschi millenari e falesie a picco sul mare.<\/p>\n<p>Il secondo episodio \u00e8 invece dedicato alla <a href=\"https:\/\/www.youtube.com\/watch?time_continue=2&amp;v=SsgtUSgJqr0&amp;feature=emb_logo\">natura<\/a> (<em>La pietra e il sentiero<\/em>). Con il suo ricchissimo patrimonio storico, naturalistico e paesaggistico, il territorio finalese, abitato dall\u2019uomo da oltre 350 mila anni, \u00e8 una scoperta infinita per il viaggiatore, ma anche per chi in questo luogo \u00e8 nato e cresciuto.\u00a0 In pochissimi chilometri \u00e8 racchiusa una grande variet\u00e0 di ambienti differenti. La Pietra di Finale, tenera e compatta nella sua memoria verticale, ha registrato lo scorrere del tempo; i sentieri, nei loro percorsi orizzontali, hanno unito le storie della comunit\u00e0.<\/p>\n<p>La Pietra di Finale si ritrova anche nel terzo e pi\u00f9 recente episodio (<em>La foto e il brigante<\/em>), che parla del Finale come luogo di culture condivise. Un territorio affacciato sul Mediterraneo e aperto all&#8217;Italia settentrionale. Terra di passaggi: merci, uomini, cultura. Briganti. Peculiarit\u00e0 e identit\u00e0 dove la Pietra di Finale \u00e8 punto di coesione tra paesaggio antropico e paesaggio naturale. Una fotografia che si ripete sempre nuova a s\u00e9 stessa e al mondo da oltre 350 mila anni.<\/p>\n<p>La <em>web serie<\/em> \u00e8 prodotta dal Comune di Finale Ligure, con la direzione creativa di Studiowiki &#8211; agenzia di comunicazione savonese aderente a UNA \u2013 Aziende della Comunicazione Unite e membro di DE.DE-Destination Design, la rete di imprese assegnataria del servizio di gestione turistica della destinazione Finale Ligure &#8211; ed \u00e8 realizzata da Artescienza, con la regia di Samuele Wurtz.<\/p>\n<p>Con una diffusione degli episodi a cadenza mensile sui canali digital di Visit Finale Ligure \u2013 sito internet e social media &#8211; la <em>web serie<\/em> costituisce parte integrante della pi\u00f9 ampia campagna di comunicazione <em><a href=\"https:\/\/visitfinaleligure.it\/my-perfect-place\/\" target=\"_blank\" rel=\"noopener\">\u201cMy Perfect Place\u201d<\/a><\/em>.<\/p>\n<p>Persone e paesaggio diventano cos\u00ec protagonisti di una campagna corale della destinazione turistica, attraverso le storie di persone vere, impegnate nella cura e nelle azioni rivolte alla tutela del patrimonio, del paesaggio, dell\u2019ambiente e del territorio.<\/p>\n","protected":false},"excerpt":{"rendered":"\u00c8 online ed \u00e8 dedicato alla cultura\u00a0il terzo episodio della web serie \u201cThe Perfect Place\u201d: cinque video storie&hellip;\n","protected":false},"author":5,"featured_media":113053,"comment_status":"open","ping_status":"closed","sticky":false,"template":"","format":"standard","meta":{"_seopress_robots_primary_cat":"0","_seopress_titles_title":"","_seopress_titles_desc":"\u201cThe Perfect Place\u201d: 5 video storie con cui Finale Ligure si racconta tra outdoor, natura, cultura, mare e gusto.","_seopress_robots_index":"","csco_singular_sidebar":"","csco_page_header_type":"","csco_page_load_nextpost":"","csco_post_video_location":[],"csco_post_video_url":"","csco_post_video_bg_start_time":0,"csco_post_video_bg_end_time":0,"footnotes":"","_links_to":"","_links_to_target":""},"categories":[232,231,227,233],"tags":[183],"class_list":{"0":"post-113051","1":"post","2":"type-post","3":"status-publish","4":"format-standard","5":"has-post-thumbnail","7":"category-art-direction","8":"category-digital","9":"category-inova","10":"category-comunicazione","11":"tag-inova-50","12":"cs-entry","13":"cs-video-wrap"},"_links":{"self":[{"href":"https:\/\/studiowiki.it\/inova\/wp-json\/wp\/v2\/posts\/113051","targetHints":{"allow":["GET"]}}],"collection":[{"href":"https:\/\/studiowiki.it\/inova\/wp-json\/wp\/v2\/posts"}],"about":[{"href":"https:\/\/studiowiki.it\/inova\/wp-json\/wp\/v2\/types\/post"}],"author":[{"embeddable":true,"href":"https:\/\/studiowiki.it\/inova\/wp-json\/wp\/v2\/users\/5"}],"replies":[{"embeddable":true,"href":"https:\/\/studiowiki.it\/inova\/wp-json\/wp\/v2\/comments?post=113051"}],"version-history":[{"count":3,"href":"https:\/\/studiowiki.it\/inova\/wp-json\/wp\/v2\/posts\/113051\/revisions"}],"predecessor-version":[{"id":116191,"href":"https:\/\/studiowiki.it\/inova\/wp-json\/wp\/v2\/posts\/113051\/revisions\/116191"}],"wp:featuredmedia":[{"embeddable":true,"href":"https:\/\/studiowiki.it\/inova\/wp-json\/wp\/v2\/media\/113053"}],"wp:attachment":[{"href":"https:\/\/studiowiki.it\/inova\/wp-json\/wp\/v2\/media?parent=113051"}],"wp:term":[{"taxonomy":"category","embeddable":true,"href":"https:\/\/studiowiki.it\/inova\/wp-json\/wp\/v2\/categories?post=113051"},{"taxonomy":"post_tag","embeddable":true,"href":"https:\/\/studiowiki.it\/inova\/wp-json\/wp\/v2\/tags?post=113051"}],"curies":[{"name":"wp","href":"https:\/\/api.w.org\/{rel}","templated":true}]}}