{"id":109590,"date":"2020-06-11T16:47:25","date_gmt":"2020-06-11T16:47:25","guid":{"rendered":"https:\/\/www.studiowiki.it\/?p=109590"},"modified":"2022-11-24T16:27:33","modified_gmt":"2022-11-24T16:27:33","slug":"inova-n-8-sostituire-le-mani-con-i-gomiti","status":"publish","type":"post","link":"https:\/\/studiowiki.it\/inova\/inova-n-8-sostituire-le-mani-con-i-gomiti\/","title":{"rendered":"Sostituire le mani con i gomiti"},"content":{"rendered":"<p>L\u2019Italia, gli italiani, il mondo intero, si sono fermati. I novanta giorni che hanno cambiato il mondo saranno uno dei tanti titoli possibili per libri e film che usciranno nei prossimi mesi e anni per raccontare, e raccontando interpretare e metabolizzare nella catarsi, quanto ci \u00e8 accaduto. Non \u00e8 tutto finito, ma in larga parte ne siamo fuori. Forse il virus torner\u00e0 con maggiore forza in autunno: speriamo non sar\u00e0 cos\u00ec, ma chi lo pu\u00f2 dire?<\/p>\n<p>Questa tormenta, questo tormento, ci hanno cambiati: non in meglio, non in peggio. Meglio e peggio sono categorie morali. Il cambiamento \u00e8 antropologico, nella misura in cui il virus ci ha costretti ad aggiungere un altro pezzo al puzzle della disumanizzazione, alienazione e straniamento come definitiva perdita della natura che aveva, solo per fare un nome, cominciato a vaticinare Pasolini quando non trovava pi\u00f9 le familiari lucciole nelle sue sere d\u2019estate. Se la nostalgia dell\u2019origine \u00e8 un sentimento a tal punto connaturato all\u2019essere umano da farne uno dei pilastri portanti della sua struttura inconscia, se il rimpianto dei bei tempi andati era gi\u00e0 cantato molto bene dai satirici greci e latini, se il mondo perduto e l\u2019arcadia ci sono sempre stati giusto nella nostra testa, e quindi nell\u2019arte e nella letteratura, anche questa volta \u2013 per\u00f2 \u2013 cos\u00ec come in tutti i grandi sconvolgimenti di un\u2019epoca, <strong>qualcosa abbiamo perso davvero<\/strong>.<\/p>\n<p>Chiusi in isolamento per contrastare una minaccia per la nostra specie che usa noi stessi come veicolo per abbatterci. Sapere di essere al tempo stesso vittime di noi contro di noi e carnefici dell\u2019altro \u00e8 stato doloroso e complicato da accettare almeno tanto quanto il costringerci, pi\u00f9 o meno volontariamente, a rivedere nell\u2019arco di una manciata di giorni le nostre abitudini consolidate negli ultimi secoli di \u201cmagnifiche sorti e progressive\u201d che ci hanno dato, ormai definitivamente, lo scettro regio del nostro potere affermato sul mondo e sulla natura. <strong>La specie padrona messa a rischio di potenziale estinzione<\/strong>, o quanto meno di revisione totale di se stessa, da un virus che \u2013 ancora oggi \u2013 nonostante tutto il nostro sapere e saper fare, non sappiamo bene da dove sia venuto e se e quando se ne andr\u00e0. Nel frattempo, e aspettando il vaccino, continuiamo a trasportarlo nei nostri corpi, perfetti risci\u00f2, velocipedi del contagio. Cos\u00ec, i gesti che ieri, nella loro sbadata naturalezza, non facevano pensare, come quando si stringeva una mano per lavoro o per piacere, nel piacere o nel dovere dell\u2019incontro, oggi diventano motivo di infiniti pensieri.<\/p>\n<p><strong>Sostituire le mani con i gomiti e gli incavi delle braccia per fare le stesse vecchie cose con gesti nuovi<\/strong> \u00e8 un\u2019eredit\u00e0, non si sa ancora se temporanea o definitiva, che ci lascia questo tempo doloroso. \u00c8 la fine di qualcosa e l\u2019inizio di qualcos\u2019altro. \u00c8 <strong>un confine e una soglia<\/strong>. Come ha detto Carmelo Bene a Bologna dopo l\u2019orrenda strage della stazione, ci sono i morti e i feriti a morte. La primavera 2020 con il suo carico di morti e di angosce quasi intollerabili nelle immagini dei camion militari che portano via salme senza esequie dalla citt\u00e0 di Bergamo, ci lascia tutti feriti a morte. Nessuno poteva prevederlo, ogni stato nazionale ha grandi responsabilit\u00e0, ma chi in questa tragedia ha avuto e ha l\u2019onere del comando, un po\u2019 a tutti i livelli della catena decisionale, ha compiuto errori e debolezze che in alcuni casi la magistratura, con il suo tempo doverosamente (o forse troppo?) lento sancir\u00e0 come reato.<\/p>\n<p>La famiglia, le famiglie, tutti i tipi di famiglia, ovviamente, si sono riscoperte pilastri fondamentali della vita sociale. Nelle categorie morali di cui si accennava sopra, questo possiamo metterlo nel meglio, dargli il segno pi\u00f9. Le distanze e gli isolamenti dall\u2019altro e dell\u2019altro sono per necessit\u00e0 cresciuti. E questo, invece, non pu\u00f2 che avere il segno meno. L\u2019America in fiamme di questi giorni mette in luce tutti i nervi scoperti di un Paese, ancora di pi\u00f9 oggi con la destra xenofoba, turbo capitalistica e ignorante rappresentata da Trump al potere. Il combustibile della giusta rabbia di larga parte dei cittadini americani, neri e non, la cui uccisione per mano della polizia di un cittadino di colore \u00e8 stato il semplice innesco di quanto gi\u00e0 si aggirava nell\u2019aria, non credo avrebbe potuto prendere piede con tanta forza senza il comburente del virus e la relativa scia di milioni di disoccupati privi di tutele e ammortizzatori sociali lasciati sulla strada di un malinteso senso di progresso che quel Paese sbandiera al mondo. E allora, almeno ogni tanto, nonostante tutti i limiti di noi stessi e del nostro Paese, proviamo ad essere pi\u00f9 orgogliosi di essere italiani prima ed europei dopo, perch\u00e9 credo che abbiamo poco da dover imparare \u2013 nonostante il nostro ormai innegabile tramonto economico \u2013 dal regime cinese che ha fatto sparire i medici che per primi hanno cercato di denunciare la trasmissibilit\u00e0 del virus da uomo a uomo gi\u00e0 nell\u2019ultimo trimestre 2019 o dall\u2019America che brucia sotto il peso delle sue irrisolte diseguaglianze.<\/p>\n","protected":false},"excerpt":{"rendered":"L\u2019Italia, gli italiani, il mondo intero, si sono fermati. I novanta giorni che hanno cambiato il mondo saranno&hellip;\n","protected":false},"author":4,"featured_media":109593,"comment_status":"open","ping_status":"closed","sticky":false,"template":"","format":"standard","meta":{"_seopress_robots_primary_cat":"0","_seopress_titles_title":"","_seopress_titles_desc":"Sostituire le mani con i gomiti e gli incavi delle braccia per fare le stesse vecchie cose con gesti nuovi \u00e8 un\u2019eredit\u00e0,non si sa ancora se temporanea o....","_seopress_robots_index":"","csco_singular_sidebar":"","csco_page_header_type":"","csco_page_load_nextpost":"","csco_post_video_location":[],"csco_post_video_url":"","csco_post_video_bg_start_time":0,"csco_post_video_bg_end_time":0,"footnotes":"","_links_to":"","_links_to_target":""},"categories":[227],"tags":[212],"class_list":{"0":"post-109590","1":"post","2":"type-post","3":"status-publish","4":"format-standard","5":"has-post-thumbnail","7":"category-inova","8":"tag-inova-8","9":"cs-entry","10":"cs-video-wrap"},"_links":{"self":[{"href":"https:\/\/studiowiki.it\/inova\/wp-json\/wp\/v2\/posts\/109590","targetHints":{"allow":["GET"]}}],"collection":[{"href":"https:\/\/studiowiki.it\/inova\/wp-json\/wp\/v2\/posts"}],"about":[{"href":"https:\/\/studiowiki.it\/inova\/wp-json\/wp\/v2\/types\/post"}],"author":[{"embeddable":true,"href":"https:\/\/studiowiki.it\/inova\/wp-json\/wp\/v2\/users\/4"}],"replies":[{"embeddable":true,"href":"https:\/\/studiowiki.it\/inova\/wp-json\/wp\/v2\/comments?post=109590"}],"version-history":[{"count":3,"href":"https:\/\/studiowiki.it\/inova\/wp-json\/wp\/v2\/posts\/109590\/revisions"}],"predecessor-version":[{"id":116323,"href":"https:\/\/studiowiki.it\/inova\/wp-json\/wp\/v2\/posts\/109590\/revisions\/116323"}],"wp:featuredmedia":[{"embeddable":true,"href":"https:\/\/studiowiki.it\/inova\/wp-json\/wp\/v2\/media\/109593"}],"wp:attachment":[{"href":"https:\/\/studiowiki.it\/inova\/wp-json\/wp\/v2\/media?parent=109590"}],"wp:term":[{"taxonomy":"category","embeddable":true,"href":"https:\/\/studiowiki.it\/inova\/wp-json\/wp\/v2\/categories?post=109590"},{"taxonomy":"post_tag","embeddable":true,"href":"https:\/\/studiowiki.it\/inova\/wp-json\/wp\/v2\/tags?post=109590"}],"curies":[{"name":"wp","href":"https:\/\/api.w.org\/{rel}","templated":true}]}}