{"id":109493,"date":"2020-05-28T16:24:17","date_gmt":"2020-05-28T16:24:17","guid":{"rendered":"https:\/\/www.studiowiki.it\/?p=109493"},"modified":"2022-11-24T16:30:19","modified_gmt":"2022-11-24T16:30:19","slug":"inova-n-6-il-cambiamento-delle-relazioni-sociali","status":"publish","type":"post","link":"https:\/\/studiowiki.it\/inova\/inova-n-6-il-cambiamento-delle-relazioni-sociali\/","title":{"rendered":"Il cambiamento delle relazioni sociali"},"content":{"rendered":"<h2><strong>Tre fotografie per raccontare il cambiamento delle relazioni sociali<\/strong><\/h2>\n<p>Tre fotografie narrative per raccontare le transizioni delle relazioni sociali, dalla rivoluzione industriale al <strong>Covid-19.<\/strong><\/p>\n<p>L\u2019inverno quest\u2019anno si \u00e8 protratto fino alle soglie dell\u2019estate, gradualmente per\u00f2 sembra che il freddo della paura stia lasciando spazio ad una pi\u00f9 tiepida, ma pur sempre tangibile e concreta, preoccupazione per il futuro. Le modalit\u00e0 di interazione che finora davamo per scontate hanno subito diverse limitazioni e i tempi e i modi con cui torneremo alla <strong>\u201cnormalit\u00e0\u201d<\/strong> non sono ancora chiari. eventi storici simili e accadimenti che, seppur diversi nella loro natura, hanno determinato importanti transizioni nel nostro modo di vivere, possono aiutare ad orientarci in ci\u00f2 che sta succedendo.<\/p>\n<p>In questo periodo di quarantena mi \u00e8 capitato di imbattermi in un vecchio scatolone di foto di famiglia, dal quale ne \u00e8 riemersa una in bianco e nero, in basso sulla cornice bianca la data 4\/5\/1884. In primo piano un uomo, capelli corti e tuta da lavoro, su uno sfondo di alti palazzi, con le finestre fitte fitte. Non biasimo il disappunto che il suo volto lascia trasparire nel farsi fotografare dopo una lunga giornata di lavoro alla catena di montaggio, le macchie puntinate sul petto sfumano in aloni e striature scure intorno alle tasche e ai fianchi della tuta, il grasso con cui \u00e8 stato oliato il consumismo sembra permearlo. Immagino che la citt\u00e0 sullo sfondo, gli deve essere sembrata strana, un luogo immenso, architettato da qualcuno fuorch\u00e9 dall\u2019uomo stesso. La foto mi sembra l\u2019emblema del momento in cui <strong>essere umano e societ\u00e0 suggellano un patto<\/strong>, in cui l\u2019uomo rinuncia alla sua unicit\u00e0 e alla sua visibilit\u00e0, in favore di servizi erogati ancor prima che ne emerga in lui il bisogno.<\/p>\n<p>Continuando a rovistare, un\u2019altra foto mi ha colpito particolarmente, questa volta pi\u00f9 recente, della mia prima media, classe 1985. Fra noi un compagno di cui poco tempo fa, pur avendone perso completamente le tracce, ne rincontrai la storia. Di lui ricordavo solo la sua passione per i videogame, ai tempi internet e la tecnologia digitale si stavano diffondendo rapidamente. La sua storia mi \u00e8 stata raccontata a partire dalla fine, un ricovero in psichiatria per isolamento sociale estremo. Pare che si sia pian piano rinchiuso nella sua stanza, affacciato al mondo solo attraverso lo schermo del pc, arrivando a rifiutare anche il cibo. Il mondo visto in chiaro gli deve essere sembrato pi\u00f9 rassicurante, un\u2019illusoria isola di salvezza diventata poi la sua stessa prigione. <strong>La rivoluzione portata dal superamento dei confini geografici \u2013 la cosiddetta<span class=\"Apple-converted-space\">\u00a0 <\/span>globalizzazione \u2013 ha<span class=\"Apple-converted-space\">\u00a0 <\/span>paradossalmente spinto l\u2019uomo a chiudersi sempre pi\u00f9 nel suo privato.<\/strong><\/p>\n<p>Guardando queste foto \u00e8 nata in me una consapevolezza: il cambiamento che stiamo attraversando sar\u00e0 la quotidianit\u00e0 delle generazioni future e, proprio per questo, dobbiamo avere una grande responsabilit\u00e0 e una maggiore forza per saper <strong>trasformare questo momento critico in un\u2019opportunit\u00e0.<\/strong> In un futuro in cui il distanziamento sociale sar\u00e0 la norma e in cui il contatto sociale un divieto, il mondo, cos\u00ec come lo conosciamo, cesser\u00e0 di esistere, lasciando ampi spunti per soggetti cinematografici distopici e un po\u2019 germofobici. Al contrario, una foto alternativa del nostro futuro la vedo in un ritorno della societ\u00e0 a misura d\u2019uomo, una comunit\u00e0 solidale dove i rapporti fra le persone sono genuini ed empatici, dove la scienza e quindi la direzione del progresso, non \u00e8 vincolata a interessi economici, e dove il <i>welfare<\/i> non \u00e8 trincerato dietro muri burocratici invalicabili. Una societ\u00e0 finalmente orientata al benessere degli individui e non pi\u00f9 al profitto. <strong>Un cambiamento enorme<\/strong> per la sua portata sociale, ma che parte sempre dall\u2019idea di cambiare qualcosa dentro di noi. L\u2019azione impegnata che quotidianamente decidiamo di mettere in atto, sorretta dalla speranza e dalla fiducia in una rivoluzione positiva, quello che spesso ci sembra come una goccia in mezzo all\u2019oceano, \u00e8 l\u2019ingrediente che pu\u00f2 trasformare questo sogno, forse utopico, in una realt\u00e0 da regalare ai nostri figli.<span class=\"Apple-converted-space\">\u00a0<\/span><\/p>\n","protected":false},"excerpt":{"rendered":"Tre fotografie per raccontare il cambiamento delle relazioni sociali Tre fotografie narrative per raccontare le transizioni delle relazioni&hellip;\n","protected":false},"author":26,"featured_media":109496,"comment_status":"open","ping_status":"closed","sticky":false,"template":"","format":"standard","meta":{"_seopress_robots_primary_cat":"0","_seopress_titles_title":"","_seopress_titles_desc":"Tre fotografie narrative per raccontare le transizioni delle relazioni sociali, dalla rivoluzione industriale al Covid-19....","_seopress_robots_index":"","csco_singular_sidebar":"","csco_page_header_type":"","csco_page_load_nextpost":"","csco_post_video_location":[],"csco_post_video_url":"","csco_post_video_bg_start_time":0,"csco_post_video_bg_end_time":0,"footnotes":"","_links_to":"","_links_to_target":""},"categories":[227],"tags":[223],"class_list":{"0":"post-109493","1":"post","2":"type-post","3":"status-publish","4":"format-standard","5":"has-post-thumbnail","7":"category-inova","8":"tag-inova-6","9":"cs-entry","10":"cs-video-wrap"},"_links":{"self":[{"href":"https:\/\/studiowiki.it\/inova\/wp-json\/wp\/v2\/posts\/109493","targetHints":{"allow":["GET"]}}],"collection":[{"href":"https:\/\/studiowiki.it\/inova\/wp-json\/wp\/v2\/posts"}],"about":[{"href":"https:\/\/studiowiki.it\/inova\/wp-json\/wp\/v2\/types\/post"}],"author":[{"embeddable":true,"href":"https:\/\/studiowiki.it\/inova\/wp-json\/wp\/v2\/users\/26"}],"replies":[{"embeddable":true,"href":"https:\/\/studiowiki.it\/inova\/wp-json\/wp\/v2\/comments?post=109493"}],"version-history":[{"count":3,"href":"https:\/\/studiowiki.it\/inova\/wp-json\/wp\/v2\/posts\/109493\/revisions"}],"predecessor-version":[{"id":116330,"href":"https:\/\/studiowiki.it\/inova\/wp-json\/wp\/v2\/posts\/109493\/revisions\/116330"}],"wp:featuredmedia":[{"embeddable":true,"href":"https:\/\/studiowiki.it\/inova\/wp-json\/wp\/v2\/media\/109496"}],"wp:attachment":[{"href":"https:\/\/studiowiki.it\/inova\/wp-json\/wp\/v2\/media?parent=109493"}],"wp:term":[{"taxonomy":"category","embeddable":true,"href":"https:\/\/studiowiki.it\/inova\/wp-json\/wp\/v2\/categories?post=109493"},{"taxonomy":"post_tag","embeddable":true,"href":"https:\/\/studiowiki.it\/inova\/wp-json\/wp\/v2\/tags?post=109493"}],"curies":[{"name":"wp","href":"https:\/\/api.w.org\/{rel}","templated":true}]}}