{"id":107519,"date":"2018-09-25T10:49:24","date_gmt":"2018-09-25T10:49:24","guid":{"rendered":"https:\/\/www.studiowiki.it\/?p=107519"},"modified":"2018-09-25T10:49:24","modified_gmt":"2018-09-25T10:49:24","slug":"la-liguria-ce-nel-cuore","status":"publish","type":"post","link":"https:\/\/studiowiki.it\/inova\/la-liguria-ce-nel-cuore\/","title":{"rendered":"La Liguria c\u2019\u00e8, nel cuore"},"content":{"rendered":"<p>Siamo tutti colpiti da questa tragedia, noi cittadini liguri per primi. Nel cuore e nell&#8217;operare quotidiano. Ma noi, tuttavia, possiamo contribuire con le nostre forze \u2013 che sono impari al compito &#8211; a dare luce e attenzione a Genova in questo momento. Operiamo nel terziario avanzato, ovvero in comunicazione, non costruiamo ponti. Che in questo momento, certo, sono prioritari, come tutto il resto che ruota intorno all\u2019emergenza. Non dimentichiamo, per\u00f2, che tra le ammirevoli azioni intraprese da Regione Liguria immediatamente dopo la tragedia vi \u00e8 stato un hashtag, <em>l<strong>a Liguria nel cuore<\/strong><\/em>, e un\u2019operazione di social sharing molto massiccia.<\/p>\n<p>Per storia e spirito civico, Studiowiki \u00e8 abituata a contribuire alla vita collettiva del territorio dove sorge e opera. L\u2019essere liguri e aver deciso di fare qui, restando qui, l\u2019agenzia, non \u00e8 stata una scelta casuale o poco sofferta. \u00c8 stata, per\u00f2, una scelta. Precisa e di campo. Perch\u00e9 i servizi del terziario superiore, pensiamo, possono dare il loro contributo nello sviluppo dolce di una Liguria che non viva unicamente di turismo e portualit\u00e0.<\/p>\n<p>Mentre si opera sul piano pragmatico della ricostruzione crediamo sia necessario operare anche sul piano ideale della motivazione, ci si perdoni il passaggio forse un po\u2019 sloganistico.<\/p>\n<p>Non spegnere i riflettori. Portare l\u2019attenzione non tanto su ci\u00f2 che \u00e8 successo, ci pare che questa non sia mai mancata, ma su quanto si stia facendo e si dovr\u00e0 fare, per i vivi, i morti e i feriti a morte <em>\u201cdell\u2019orrenda strage\u201d<\/em>, usando le parole di Carmelo Bene sulla bomba alla stazione di Bologna dell\u2019agosto del 1980, raccontando quali e quante siano le possibilit\u00e0 di una terra che riserva ancora angoli nascosti di infinita, struggente bellezza. Del paesaggio, certo, ma soprattutto della sua gente, delle sue imprese, delle sue istituzioni.<\/p>\n<p>In fondo, quando succede qualcosa di terribile il primo gesto \u00e8 andare a trovare lo sventurato.<\/p>\n<p>Verr\u00e0 diffuso nei prossimi giorni un contest di comunicazione creativa dal titolo: <strong><em><a href=\"https:\/\/unmanifestopergenova.it\/\" target=\"_blank\" rel=\"noopener\">Un manifesto per Genova<\/a>.<\/em><\/strong> I manifesti ricevuti da designer, artisti, agenzie che vorranno dare il loro contributo, saranno veicolati con campagne social e attraverso media partnership. I manifesti saranno messi in mostra a Genova a novembre 2018. Un\u2019asta benefica in busta chiusa ne permetter\u00e0 l\u2019acquisto. Il ricavato sar\u00e0 devoluto a un soggetto a scelta impegnato nell&#8217;emergenza.<\/p>\n<p>\u00c8 il momento di ascoltare e ascoltarsi, ripartendo dalla nostra bellezza, che \u00e8 quanto di pi\u00f9 caro abbiamo e che nessun ponte crollato ci potr\u00e0 mai togliere.<\/p>\n","protected":false},"excerpt":{"rendered":"Siamo tutti colpiti da questa tragedia, noi cittadini liguri per primi. Nel cuore e nell&#8217;operare quotidiano. Ma noi,&hellip;\n","protected":false},"author":1,"featured_media":107520,"comment_status":"open","ping_status":"closed","sticky":false,"template":"","format":"standard","meta":{"_seopress_robots_primary_cat":"0","_seopress_titles_title":"","_seopress_titles_desc":"","_seopress_robots_index":"","csco_singular_sidebar":"","csco_page_header_type":"","csco_page_load_nextpost":"","csco_post_video_location":[],"csco_post_video_url":"","csco_post_video_bg_start_time":0,"csco_post_video_bg_end_time":0,"footnotes":"","_links_to":"","_links_to_target":""},"categories":[30],"tags":[],"class_list":{"0":"post-107519","1":"post","2":"type-post","3":"status-publish","4":"format-standard","5":"has-post-thumbnail","7":"category-news","8":"cs-entry","9":"cs-video-wrap"},"_links":{"self":[{"href":"https:\/\/studiowiki.it\/inova\/wp-json\/wp\/v2\/posts\/107519","targetHints":{"allow":["GET"]}}],"collection":[{"href":"https:\/\/studiowiki.it\/inova\/wp-json\/wp\/v2\/posts"}],"about":[{"href":"https:\/\/studiowiki.it\/inova\/wp-json\/wp\/v2\/types\/post"}],"author":[{"embeddable":true,"href":"https:\/\/studiowiki.it\/inova\/wp-json\/wp\/v2\/users\/1"}],"replies":[{"embeddable":true,"href":"https:\/\/studiowiki.it\/inova\/wp-json\/wp\/v2\/comments?post=107519"}],"version-history":[{"count":0,"href":"https:\/\/studiowiki.it\/inova\/wp-json\/wp\/v2\/posts\/107519\/revisions"}],"wp:featuredmedia":[{"embeddable":true,"href":"https:\/\/studiowiki.it\/inova\/wp-json\/wp\/v2\/media\/107520"}],"wp:attachment":[{"href":"https:\/\/studiowiki.it\/inova\/wp-json\/wp\/v2\/media?parent=107519"}],"wp:term":[{"taxonomy":"category","embeddable":true,"href":"https:\/\/studiowiki.it\/inova\/wp-json\/wp\/v2\/categories?post=107519"},{"taxonomy":"post_tag","embeddable":true,"href":"https:\/\/studiowiki.it\/inova\/wp-json\/wp\/v2\/tags?post=107519"}],"curies":[{"name":"wp","href":"https:\/\/api.w.org\/{rel}","templated":true}]}}