{"id":107460,"date":"2018-05-17T18:28:27","date_gmt":"2018-05-17T18:28:27","guid":{"rendered":"https:\/\/www.studiowiki.it\/?p=107460"},"modified":"2018-05-17T18:28:27","modified_gmt":"2018-05-17T18:28:27","slug":"giornata-mondiale-della-telecomunicazione-e-della-societa-dellinformazione","status":"publish","type":"post","link":"https:\/\/studiowiki.it\/inova\/giornata-mondiale-della-telecomunicazione-e-della-societa-dellinformazione\/","title":{"rendered":"Giornata Mondiale della Telecomunicazione e della Societ\u00e0 dell\u2019informazione"},"content":{"rendered":"<p>Telecomunicazioni. Ehm\u2026Il non essere iscritti al <strong>ROC<\/strong> ci esime, forse, dal commentare. Non ci preoccupiamo, almeno oggi, di canale, messaggio, codice, contesto: come direbbe un ligio studente di <strong>Jakobson<\/strong>.<\/p>\n<p>Battute a parte\u2026Guardiamo invece all\u2019emittente e al destinatario nel loro continuo scambiarsi di posizione. <strong>La societ\u00e0 dell\u2019informazione festeggiata oggi dall\u2019ONU<\/strong>, ci impegna all\u2019interpretazione, o almeno a un suo parziale tentativo proprio in forza o in virt\u00f9 del fatto che noialtri di<strong> Studiowiki<\/strong>, in questa societ\u00e0, siamo quelli che per professione sono chiamati a produrre messaggi, ovvero significato e senso. Insomma, amiamo quello che facciamo e le parole che seguiranno, oltre a tutto il resto, sono un manifesto d\u2019amore per questo nostro mestiere che sa essere tanto concreto, tecnico e artigiano proprio quando raggiunge le teorizzazioni pi\u00f9 ambiziose.<\/p>\n<p>La prima cosa che ci sentiamo di chiederci e chiedere, forse provocatoriamente, forse no, \u00e8 se sia meglio \u201cl\u2019oggi\u201d o \u201clo ieri\u201d; intendendo con \u201coggi\u201d <strong>la rivoluzione digitale che stiamo vivendo<\/strong>. Forse non c\u2019\u00e8 risposta, o forse qualunque risposta sarebbe banale, superflua, almeno parziale. Ma un\u2019opinione bisogner\u00e0 pure averla, chiedendo per\u00f2 a tutti di smentirla.<\/p>\n<p>Bene, per noi \u201coggi\u201d \u00e8 decisamente meglio di \u201cieri\u201d. Senza voler predicare le \u201cmagnifiche sorti e progressive\u201d, la possibilit\u00e0 di accesso alle informazioni che questo tempo ci regala la possiamo definire con un aggettivo: entusiasmante. Abbiamo perso qualcosa? Certo! Se qualcosa si vuole avere, qualcosa bisogna lasciare. Quello che abbiamo perso non sono, con buona pace di <strong>Olmi<\/strong>, i prati. Ma lo spirito critico. La sfida di questa societ\u00e0 resta la stessa di quelle passate. L\u2019essenziale non sar\u00e0 visibile agli occhi, ma certamente torna sempre uguale a se stesso. E l\u2019essenziale ci sembra rimasto la necessit\u00e0 di ridurre le diseguaglianze. Che non sono solo pi\u00f9 di natura economica, ma sono di accesso a questa societ\u00e0 dell\u2019informazione. Il chi sta dentro e il chi sta fuori \u00e8 certo un fatto di hardware, software e connessione e della loro capacit\u00e0 di utilizzo ma \u00e8, crediamo, soprattutto, un fatto di capacit\u00e0 di interpretazione.<\/p>\n<p>Ecco perch\u00e9 ci fanno cos\u00ec paura le fake news, perch\u00e9, nella loro banalit\u00e0, sono lo spettro che ci ricorda che quello che \u00e8 stato pu\u00f2 tornare ancora, oggi pi\u00f9 di ieri. Quello che questa societ\u00e0 entusiasmante e stupita di se stessa e delle sue infinite possibilit\u00e0 sembra chiedere con pi\u00f9 forza \u00e8 la capacit\u00e0 di separare quello che \u00e8 giusto da quello che \u00e8 sbagliato. Il vero dal falso. <strong>La buona comunicazione, la comunicazione di valore, oggi, crediamo che sia solo una: quella capace di fare spazio<\/strong>. Vuol dire rendere possibili nuove aperture di senso.<\/p>\n<p>La buona comunicazione modifica, forza, porta avanti la significazione. Guadagna futuro. Governa il cambiamento. La comunicazione non riempie: toglie. Fa spazio, appunto. Nell\u2019infinito intrattenimento della semiosfera, il rumore di fondo \u00e8 cos\u00ec forte che ci ha privato della capacit\u00e0 di ascoltare il silenzio: in silenzio.<\/p>\n<p>&nbsp;<\/p>\n","protected":false},"excerpt":{"rendered":"Telecomunicazioni. Ehm\u2026Il non essere iscritti al ROC ci esime, forse, dal commentare. Non ci preoccupiamo, almeno oggi, di&hellip;\n","protected":false},"author":1,"featured_media":107462,"comment_status":"open","ping_status":"closed","sticky":false,"template":"","format":"standard","meta":{"_seopress_robots_primary_cat":"0","_seopress_titles_title":"","_seopress_titles_desc":"La buona comunicazione, la comunicazione di valore, oggi, crediamo che sia solo una: quella capace di fare spazio","_seopress_robots_index":"","csco_singular_sidebar":"","csco_page_header_type":"","csco_page_load_nextpost":"","csco_post_video_location":[],"csco_post_video_url":"","csco_post_video_bg_start_time":0,"csco_post_video_bg_end_time":0,"footnotes":"","_links_to":"","_links_to_target":""},"categories":[30],"tags":[61,62],"class_list":{"0":"post-107460","1":"post","2":"type-post","3":"status-publish","4":"format-standard","5":"has-post-thumbnail","7":"category-news","8":"tag-comunicazione","9":"tag-societa-dellinformazione","10":"cs-entry","11":"cs-video-wrap"},"_links":{"self":[{"href":"https:\/\/studiowiki.it\/inova\/wp-json\/wp\/v2\/posts\/107460","targetHints":{"allow":["GET"]}}],"collection":[{"href":"https:\/\/studiowiki.it\/inova\/wp-json\/wp\/v2\/posts"}],"about":[{"href":"https:\/\/studiowiki.it\/inova\/wp-json\/wp\/v2\/types\/post"}],"author":[{"embeddable":true,"href":"https:\/\/studiowiki.it\/inova\/wp-json\/wp\/v2\/users\/1"}],"replies":[{"embeddable":true,"href":"https:\/\/studiowiki.it\/inova\/wp-json\/wp\/v2\/comments?post=107460"}],"version-history":[{"count":0,"href":"https:\/\/studiowiki.it\/inova\/wp-json\/wp\/v2\/posts\/107460\/revisions"}],"wp:featuredmedia":[{"embeddable":true,"href":"https:\/\/studiowiki.it\/inova\/wp-json\/wp\/v2\/media\/107462"}],"wp:attachment":[{"href":"https:\/\/studiowiki.it\/inova\/wp-json\/wp\/v2\/media?parent=107460"}],"wp:term":[{"taxonomy":"category","embeddable":true,"href":"https:\/\/studiowiki.it\/inova\/wp-json\/wp\/v2\/categories?post=107460"},{"taxonomy":"post_tag","embeddable":true,"href":"https:\/\/studiowiki.it\/inova\/wp-json\/wp\/v2\/tags?post=107460"}],"curies":[{"name":"wp","href":"https:\/\/api.w.org\/{rel}","templated":true}]}}